{"id":32749,"date":"2024-03-09T17:02:21","date_gmt":"2024-03-09T22:02:21","guid":{"rendered":"https:\/\/lavendi.xyz\/zazil\/blog\/descubre-los-mitos-de-creacion-mayas-y-el-origen-del-mundo\/"},"modified":"2024-11-05T10:05:09","modified_gmt":"2024-11-05T15:05:09","slug":"descubre-los-mitos-de-creacion-mayas-y-el-origen-del-mundo","status":"publish","type":"post","link":"https:\/\/lavendi.xyz\/zazil\/blog\/descubre-los-mitos-de-creacion-mayas-y-el-origen-del-mundo\/","title":{"rendered":"Descubre los mitos de creaci\u00f3n mayas y el origen del mundo"},"content":{"rendered":"\t\t<div data-elementor-type=\"wp-post\" data-elementor-id=\"32749\" class=\"elementor elementor-32749\" data-elementor-post-type=\"post\">\n\t\t\t\t<div class=\"elementor-element elementor-element-5baa1ee e-con-full e-flex e-con e-parent\" data-id=\"5baa1ee\" data-element_type=\"container\" data-e-type=\"container\">\n\t\t<div class=\"elementor-element elementor-element-4bc18247 e-con-full e-flex e-con e-child\" data-id=\"4bc18247\" data-element_type=\"container\" data-e-type=\"container\">\n\t\t\t\t<div class=\"elementor-element elementor-element-a8cdece elementor-widget elementor-widget-text-editor\" data-id=\"a8cdece\" data-element_type=\"widget\" data-e-type=\"widget\" data-widget_type=\"text-editor.default\">\n\t\t\t\t<div class=\"elementor-widget-container\">\n\t\t\t\t\t\t\t\t\t<p>En el coraz\u00f3n de Yucat\u00e1n, se encuentra Zazil Tunich, un parador tur\u00edstico que te invita a sumergirte en la fascinante cosmovisi\u00f3n de los mayas. Aqu\u00ed, no solo podr\u00e1s disfrutar de la belleza natural y la exclusividad de nuestras instalaciones, sino tambi\u00e9n explorar los mitos de creaci\u00f3n mayas que narran la historia del origen del mundo y la humanidad. En Zazil Tunich, la naturaleza y la cultura se entrelazan para ofrecerte una experiencia \u00fanica, donde podr\u00e1s conectar con la sabidur\u00eda ancestral de esta antigua civilizaci\u00f3n.<\/p>\n<p><!-- \/wp:paragraph --><!-- wp:uagb\/advanced-heading {\"block_id\":\"31023c47\",\"classMigrate\":true} --><\/p>\n<div class=\"wp-block-uagb-advanced-heading uagb-block-31023c47\">\n<h2 class=\"uagb-heading-text\">El Popol Vuh: el libro sagrado de los mayas<\/h2>\n<\/div>\t\t\t\t\t\t\t\t<\/div>\n\t\t\t\t<\/div>\n\t\t\t\t<div class=\"elementor-element elementor-element-c307bb9 elementor-widget elementor-widget-image\" data-id=\"c307bb9\" data-element_type=\"widget\" data-e-type=\"widget\" data-widget_type=\"image.default\">\n\t\t\t\t<div class=\"elementor-widget-container\">\n\t\t\t\t\t\t\t\t\t\t\t\t\t\t\t<img fetchpriority=\"high\" decoding=\"async\" width=\"800\" height=\"800\" src=\"https:\/\/lavendi.xyz\/zazil\/wp-content\/uploads\/2024\/03\/popol-vuh-1024x1024.webp\" class=\"attachment-large size-large wp-image-25116\" alt=\"Mitos mayas sobre el origen de la vida\" srcset=\"https:\/\/lavendi.xyz\/zazil\/wp-content\/uploads\/2024\/03\/popol-vuh-1024x1024.webp 1024w, https:\/\/lavendi.xyz\/zazil\/wp-content\/uploads\/2024\/03\/popol-vuh-300x300.webp 300w, https:\/\/lavendi.xyz\/zazil\/wp-content\/uploads\/2024\/03\/popol-vuh-150x150.webp 150w, https:\/\/lavendi.xyz\/zazil\/wp-content\/uploads\/2024\/03\/popol-vuh-768x768.webp 768w, https:\/\/lavendi.xyz\/zazil\/wp-content\/uploads\/2024\/03\/popol-vuh-600x600.webp 600w, https:\/\/lavendi.xyz\/zazil\/wp-content\/uploads\/2024\/03\/popol-vuh-100x100.webp 100w, https:\/\/lavendi.xyz\/zazil\/wp-content\/uploads\/2024\/03\/popol-vuh.webp 1280w\" sizes=\"(max-width: 800px) 100vw, 800px\" \/>\t\t\t\t\t\t\t\t\t\t\t\t\t\t\t<\/div>\n\t\t\t\t<\/div>\n\t\t\t\t<div class=\"elementor-element elementor-element-45e028bc elementor-widget elementor-widget-text-editor\" data-id=\"45e028bc\" data-element_type=\"widget\" data-e-type=\"widget\" data-widget_type=\"text-editor.default\">\n\t\t\t\t<div class=\"elementor-widget-container\">\n\t\t\t\t\t\t\t\t\t<p><!-- wp:paragraph --><\/p>\n<div class=\"wp-block-uagb-advanced-heading uagb-block-31023c47\">\n<p class=\"uagb-heading-text\"><span style=\"font-size: 16px;\">Uno de los textos m\u00e1s importantes que recoge los mitos de creaci\u00f3n mayas es el Popol Vuh, conocido como el libro sagrado de los mayas. Este antiguo texto, escrito en lengua quich\u00e9, narra la historia del origen del mundo y la humanidad seg\u00fan la cosmovisi\u00f3n maya.<\/span><\/p>\n<\/div>\n<p><!-- \/wp:paragraph --><!-- wp:paragraph --><\/p>\n<p>En Zazil Tunich, tendr\u00e1s la oportunidad de sumergirte en los relatos del Popol Vuh a trav\u00e9s de experiencias inmersivas y narrativas cautivadoras. Nuestros gu\u00edas expertos te guiar\u00e1n a trav\u00e9s de los pasajes m\u00e1s significativos de este libro sagrado, revelando los simbolismos en cada historia.<\/p>\n<p><!-- \/wp:paragraph --><!-- wp:paragraph --><\/p>\n<p>Descubrir\u00e1s c\u00f3mo los dioses creadores, Tepeu y Gucumatz, dieron forma al mundo a trav\u00e9s de su pensamiento y palabra. Conocer\u00e1s la historia de los hermanos Hunahp\u00fa e Ixbalanqu\u00e9, y su \u00e9pica batalla contra los se\u00f1ores del inframundo en el juego de pelota. Estas narraciones no solo te cautivar\u00e1n por su belleza y complejidad, sino que tambi\u00e9n te brindar\u00e1n una comprensi\u00f3n m\u00e1s profunda de la cosmolog\u00eda y la espiritualidad maya.<\/p>\n<p><!-- \/wp:paragraph --><!-- wp:uagb\/advanced-heading {\"block_id\":\"dc2bd4e5\",\"classMigrate\":true} --><\/p>\n<div class=\"wp-block-uagb-advanced-heading uagb-block-dc2bd4e5\">\n<h2 class=\"uagb-heading-text\">La creaci\u00f3n del mundo seg\u00fan los mayas<\/h2>\n<\/div>\n<p><!-- \/wp:uagb\/advanced-heading --><!-- wp:paragraph --><\/p>\n<p>En los mitos de creaci\u00f3n mayas, el origen del mundo se remonta a un tiempo primordial, donde solo exist\u00eda el cielo y el mar. Los dioses creadores, Tepeu y Gucumatz, se reunieron para dar forma a la tierra y a todas las criaturas que la habitan.<\/p>\n<p><!-- \/wp:paragraph --><!-- wp:paragraph --><\/p>\n<p>A trav\u00e9s de experiencias inmersivas en Zazil Tunich, podr\u00e1s vivir de cerca estos relatos de creaci\u00f3n. Nuestros gu\u00edas te llevar\u00e1n a trav\u00e9s de senderos naturales, donde podr\u00e1s apreciar la exuberante belleza de la selva yucateca mientras escuchas las historias de c\u00f3mo los dioses crearon las monta\u00f1as, los valles y los r\u00edos.<\/p>\n<p><!-- \/wp:paragraph --><!-- wp:paragraph --><\/p>\n<p>En nuestro centro de interpretaci\u00f3n, podr\u00e1s explorar representaciones art\u00edsticas de los mitos de creaci\u00f3n, como murales y esculturas que ilustran los momentos clave de estas narraciones. Adem\u00e1s, tendr\u00e1s la oportunidad de participar en talleres de arte donde podr\u00e1s crear tus propias obras inspiradas en estos mitos, llev\u00e1ndote a casa un recuerdo tangible de tu conexi\u00f3n con la cosmovisi\u00f3n maya<\/p>\n<p><!-- \/wp:paragraph --><!-- wp:uagb\/advanced-heading {\"block_id\":\"1d6adbd0\",\"classMigrate\":true} --><\/p>\n<div class=\"wp-block-uagb-advanced-heading uagb-block-1d6adbd0\">\n<h2 class=\"uagb-heading-text\">El origen de la humanidad en la mitolog\u00eda maya<\/h2>\n<\/div>\n<p><!-- \/wp:uagb\/advanced-heading --><!-- wp:paragraph --><\/p>\n<p>Seg\u00fan los mitos de creaci\u00f3n mayas, la humanidad no surgi\u00f3 de manera espont\u00e1nea, sino que fue el resultado de varios intentos de los dioses por crear seres que pudieran venerarlos y mantener el orden del universo.<\/p>\n<p><!-- \/wp:paragraph --><!-- wp:paragraph --><\/p>\n<p>En Zazil Tunich, te sumergir\u00e1s en la historia de estos intentos de creaci\u00f3n, desde los hombres de barro que se disolv\u00edan con la lluvia hasta los hombres de madera que carec\u00edan de coraz\u00f3n y entendimiento. Finalmente, conocer\u00e1s el exitoso intento de los dioses al crear a los hombres de ma\u00edz, los antepasados de la humanidad actual seg\u00fan la cosmovisi\u00f3n maya.<\/p>\n<p><!-- \/wp:paragraph --><!-- wp:paragraph --><\/p>\n<p>A trav\u00e9s de representaciones teatrales y narraciones cautivadoras, podr\u00e1s vivir de cerca estos relatos y comprender la importancia del ma\u00edz en la cultura maya, no solo como alimento b\u00e1sico, sino tambi\u00e9n como s\u00edmbolo de la vida y la conexi\u00f3n con lo divino.<\/p>\n<p><!-- \/wp:paragraph --><!-- wp:uagb\/advanced-heading {\"block_id\":\"6a25068d\",\"classMigrate\":true} --><\/p>\n<div class=\"wp-block-uagb-advanced-heading uagb-block-6a25068d\">\n<h2 class=\"uagb-heading-text\">Zazil Tunich: una experiencia \u00fanica para conectar con los mitos mayas<\/h2>\n<\/div>\n<p><!-- \/wp:uagb\/advanced-heading --><!-- wp:paragraph --><\/p>\n<p>No solo ofrecemos un lugar para aprender sobre los mitos de creaci\u00f3n mayas. Ofrecemos una experiencia integral para conectar con la esencia de esta antigua civilizaci\u00f3n.<\/p>\n<p><!-- \/wp:paragraph --><!-- wp:paragraph --><\/p>\n<p>Nuestras caba\u00f1as tradicionales, construidas con materiales locales y dise\u00f1adas siguiendo la arquitectura maya, te brindar\u00e1n un espacio acogedor y aut\u00e9ntico para descansar y reflexionar sobre las ense\u00f1anzas de los mitos. Podr\u00e1s despertar con el canto de las aves y el susurro de la selva, mientras te rodea la misma naturaleza que inspir\u00f3 a los antiguos mayas en su comprensi\u00f3n del mundo.<\/p>\n<p><!-- \/wp:paragraph --><!-- wp:paragraph --><\/p>\n<p>Adem\u00e1s, en Zazil Tunich nos enorgullece promover un turismo sostenible y responsable, donde la preservaci\u00f3n de la cultura y el medio ambiente son fundamentales. Al elegir vivir la experiencia de los mitos de creaci\u00f3n mayas con nosotros, no solo te llevar\u00e1s recuerdos inolvidables, sino que tambi\u00e9n estar\u00e1s contribuyendo al bienestar de la comunidad local y a la conservaci\u00f3n de este valioso patrimonio cultural.<\/p>\n<p><!-- \/wp:paragraph --><!-- wp:uagb\/advanced-heading {\"block_id\":\"72152129\",\"classMigrate\":true} --><\/p>\n<div class=\"wp-block-uagb-advanced-heading uagb-block-72152129\">\n<h2 class=\"uagb-heading-text\">Conclusion<\/h2>\n<\/div>\n<p><!-- \/wp:uagb\/advanced-heading --><!-- wp:paragraph --><\/p>\n<p>Los mitos de creaci\u00f3n mayas son una ventana a la cosmovisi\u00f3n de esta fascinante civilizaci\u00f3n, que nos invita a reflexionar sobre el origen del mundo y nuestro lugar en \u00e9l. En Zazil Tunich, te ofrecemos una experiencia \u00fanica para sumergirte en estos relatos ancestrales, a trav\u00e9s de actividades inmersivas, representaciones art\u00edsticas y narraciones cautivadoras.<\/p>\n<p><!-- \/wp:paragraph --><!-- wp:paragraph --><\/p>\n<p>Nuestro parador tur\u00edstico es un santuario donde la naturaleza y la cultura se fusionan, brind\u00e1ndote la oportunidad de conectar con la sabidur\u00eda maya en un entorno exclusivo y aut\u00e9ntico. D\u00e9jate envolver por la magia de los mitos de creaci\u00f3n y descubre una nueva perspectiva sobre el origen del mundo y la humanidad.<\/p>\n<p><!-- \/wp:paragraph --><!-- wp:paragraph --><\/p>\n<p>Te invitamos a vivir una experiencia transformadora en Zazil Tunich, donde los mitos cobran vida y la conexi\u00f3n con la esencia de los mayas se vuelve tangible. \u00a1Ven y s\u00e9 parte de esta aventura \u00fanica en el coraz\u00f3n de Yucat\u00e1n!<\/p>\n<p><!-- \/wp:paragraph --><!-- wp:paragraph --><\/p>\n<p>Palabras clave: Zazil Tunich, mitos de creaci\u00f3n mayas, Popol Vuh, origen del mundo, origen de la humanidad, cosmovisi\u00f3n maya, experiencia inmersiva, turismo sostenible, cultura maya, Yucat\u00e1n.<\/p>\n<p><!-- \/wp:paragraph --><\/p>\t\t\t\t\t\t\t\t<\/div>\n\t\t\t\t<\/div>\n\t\t\t\t<div class=\"elementor-element elementor-element-c09dd15 elementor-cta--skin-cover elementor-bg-transform elementor-bg-transform-zoom-out elementor-animated-content elementor-widget elementor-widget-global elementor-global-30579 elementor-widget-call-to-action\" data-id=\"c09dd15\" data-element_type=\"widget\" data-e-type=\"widget\" data-widget_type=\"call-to-action.default\">\n\t\t\t\t<div class=\"elementor-widget-container\">\n\t\t\t\t\t\t\t<div class=\"elementor-cta\">\n\t\t\t\t\t<div class=\"elementor-cta__bg-wrapper\">\n\t\t\t\t<div class=\"elementor-cta__bg elementor-bg\" style=\"background-image: url(https:\/\/lavendi.xyz\/zazil\/wp-content\/uploads\/2024\/10\/slider-scaled-e1705893221594.jpg);\" role=\"img\" aria-label=\"slider--scaled-e1705893221594.jpg\"><\/div>\n\t\t\t\t<div class=\"elementor-cta__bg-overlay\"><\/div>\n\t\t\t<\/div>\n\t\t\t\t\t\t\t<div class=\"elementor-cta__content\">\n\t\t\t\t\n\t\t\t\t\t\t\t\t\t<h2 class=\"elementor-cta__title elementor-cta__content-item elementor-content-item elementor-animated-item--grow\">\n\t\t\t\t\t\tVisita el unico Cenote &amp; Museo\t\t\t\t\t<\/h2>\n\t\t\t\t\n\t\t\t\t\n\t\t\t\t\t\t\t\t\t<div class=\"elementor-cta__button-wrapper elementor-cta__content-item elementor-content-item elementor-animated-item--grow\">\n\t\t\t\t\t<a class=\"elementor-cta__button elementor-button elementor-size-\" href=\"http:\/\/www.zaziltunich.com\/reservaciones\">\n\t\t\t\t\t\tReserva aqui\t\t\t\t\t<\/a>\n\t\t\t\t\t<\/div>\n\t\t\t\t\t\t\t<\/div>\n\t\t\t\t\t\t\t<div class=\"elementor-ribbon elementor-ribbon-right\">\n\t\t\t\t<div class=\"elementor-ribbon-inner\">\n\t\t\t\t\tPremio nacional\t\t\t\t<\/div>\n\t\t\t<\/div>\n\t\t\t\t<\/div>\n\t\t\t\t\t\t<\/div>\n\t\t\t\t<\/div>\n\t\t\t\t<\/div>\n\t\t\t\t<\/div>\t\t<\/div>\n\t\t","protected":false},"excerpt":{"rendered":"<p>En el coraz\u00f3n de Yucat\u00e1n, se encuentra Zazil Tunich, un parador tur\u00edstico que te invita a sumergirte en la fascinante cosmovisi\u00f3n de los mayas. Aqu\u00ed, no solo podr\u00e1s disfrutar de la belleza natural y la exclusividad de nuestras instalaciones, sino tambi\u00e9n explorar los mitos de creaci\u00f3n mayas que narran la historia del origen del mundo [&hellip;]<\/p>\n","protected":false},"author":1,"featured_media":24931,"comment_status":"open","ping_status":"open","sticky":false,"template":"","format":"standard","meta":{"_kad_blocks_custom_css":"","_kad_blocks_head_custom_js":"","_kad_blocks_body_custom_js":"","_kad_blocks_footer_custom_js":"","_joinchat":[],"footnotes":""},"categories":[79,64,40],"tags":[],"class_list":["post-32749","post","type-post","status-publish","format-standard","has-post-thumbnail","hentry","category-cultura-maya","category-leyendas-mayas","category-museo-vivo"],"yoast_head":"<!-- This site is optimized with the Yoast SEO Premium plugin v22.8 (Yoast SEO v25.6) - https:\/\/yoast.com\/wordpress\/plugins\/seo\/ -->\n<title>Mitos de Creaci\u00f3n Mayas<\/title>\n<meta name=\"description\" content=\"Descubre los mitos de creaci\u00f3n mayas, como el origen del mundo se remonta a un tiempo primordial, donde solo exist\u00eda el cielo y el mar.\" \/>\n<meta name=\"robots\" content=\"index, follow, max-snippet:-1, max-image-preview:large, max-video-preview:-1\" \/>\n<link rel=\"canonical\" href=\"https:\/\/lavendi.xyz\/zazil\/blog\/descubre-los-mitos-de-creacion-mayas-y-el-origen-del-mundo\/\" \/>\n<meta property=\"og:locale\" content=\"es_MX\" \/>\n<meta property=\"og:type\" content=\"article\" \/>\n<meta property=\"og:title\" content=\"Descubre los mitos de creaci\u00f3n mayas y el origen del mundo\" \/>\n<meta property=\"og:description\" content=\"Descubre los mitos de creaci\u00f3n mayas, como el origen del mundo se remonta a un tiempo primordial, donde solo exist\u00eda el cielo y el mar.\" \/>\n<meta property=\"og:url\" content=\"https:\/\/lavendi.xyz\/zazil\/blog\/descubre-los-mitos-de-creacion-mayas-y-el-origen-del-mundo\/\" \/>\n<meta property=\"og:site_name\" content=\"Zazil Tunich - Cenote mas Premiado de Yucat\u00e1n\" \/>\n<meta property=\"article:published_time\" content=\"2024-03-09T22:02:21+00:00\" \/>\n<meta property=\"article:modified_time\" content=\"2024-11-05T15:05:09+00:00\" \/>\n<meta property=\"og:image\" content=\"https:\/\/lavendi.xyz\/zazil\/wp-content\/uploads\/2024\/05\/OIP.webp\" \/>\n\t<meta property=\"og:image:width\" content=\"474\" \/>\n\t<meta property=\"og:image:height\" content=\"314\" \/>\n\t<meta property=\"og:image:type\" content=\"image\/webp\" \/>\n<meta name=\"author\" content=\"Zazil Tunich Xibalba\" \/>\n<meta name=\"twitter:card\" content=\"summary_large_image\" \/>\n<meta name=\"twitter:label1\" content=\"Escrito por\" \/>\n\t<meta name=\"twitter:data1\" content=\"Zazil Tunich Xibalba\" \/>\n\t<meta name=\"twitter:label2\" content=\"Tiempo de lectura\" \/>\n\t<meta name=\"twitter:data2\" content=\"5 minutos\" \/>\n<script type=\"application\/ld+json\" class=\"yoast-schema-graph\">{\"@context\":\"https:\/\/schema.org\",\"@graph\":[{\"@type\":\"Article\",\"@id\":\"https:\/\/lavendi.xyz\/zazil\/blog\/descubre-los-mitos-de-creacion-mayas-y-el-origen-del-mundo\/#article\",\"isPartOf\":{\"@id\":\"https:\/\/lavendi.xyz\/zazil\/blog\/descubre-los-mitos-de-creacion-mayas-y-el-origen-del-mundo\/\"},\"author\":{\"name\":\"Zazil Tunich Xibalba\",\"@id\":\"https:\/\/lavendi.xyz\/zazil\/#\/schema\/person\/58fd3a891320988847abb5c7309b1bd7\"},\"headline\":\"Descubre los mitos de creaci\u00f3n mayas y el origen del mundo\",\"datePublished\":\"2024-03-09T22:02:21+00:00\",\"dateModified\":\"2024-11-05T15:05:09+00:00\",\"mainEntityOfPage\":{\"@id\":\"https:\/\/lavendi.xyz\/zazil\/blog\/descubre-los-mitos-de-creacion-mayas-y-el-origen-del-mundo\/\"},\"wordCount\":1025,\"commentCount\":0,\"publisher\":{\"@id\":\"https:\/\/lavendi.xyz\/zazil\/#organization\"},\"image\":{\"@id\":\"https:\/\/lavendi.xyz\/zazil\/blog\/descubre-los-mitos-de-creacion-mayas-y-el-origen-del-mundo\/#primaryimage\"},\"thumbnailUrl\":\"https:\/\/lavendi.xyz\/zazil\/wp-content\/uploads\/2024\/05\/OIP.webp\",\"articleSection\":[\"Cultura Maya\",\"Leyendas Mayas\",\"Museo Vivo\"],\"inLanguage\":\"es\",\"potentialAction\":[{\"@type\":\"CommentAction\",\"name\":\"Comment\",\"target\":[\"https:\/\/lavendi.xyz\/zazil\/blog\/descubre-los-mitos-de-creacion-mayas-y-el-origen-del-mundo\/#respond\"]}]},{\"@type\":\"WebPage\",\"@id\":\"https:\/\/lavendi.xyz\/zazil\/blog\/descubre-los-mitos-de-creacion-mayas-y-el-origen-del-mundo\/\",\"url\":\"https:\/\/lavendi.xyz\/zazil\/blog\/descubre-los-mitos-de-creacion-mayas-y-el-origen-del-mundo\/\",\"name\":\"Mitos de Creaci\u00f3n Mayas\",\"isPartOf\":{\"@id\":\"https:\/\/lavendi.xyz\/zazil\/#website\"},\"primaryImageOfPage\":{\"@id\":\"https:\/\/lavendi.xyz\/zazil\/blog\/descubre-los-mitos-de-creacion-mayas-y-el-origen-del-mundo\/#primaryimage\"},\"image\":{\"@id\":\"https:\/\/lavendi.xyz\/zazil\/blog\/descubre-los-mitos-de-creacion-mayas-y-el-origen-del-mundo\/#primaryimage\"},\"thumbnailUrl\":\"https:\/\/lavendi.xyz\/zazil\/wp-content\/uploads\/2024\/05\/OIP.webp\",\"datePublished\":\"2024-03-09T22:02:21+00:00\",\"dateModified\":\"2024-11-05T15:05:09+00:00\",\"description\":\"Descubre los mitos de creaci\u00f3n mayas, como el origen del mundo se remonta a un tiempo primordial, donde solo exist\u00eda el cielo y el mar.\",\"breadcrumb\":{\"@id\":\"https:\/\/lavendi.xyz\/zazil\/blog\/descubre-los-mitos-de-creacion-mayas-y-el-origen-del-mundo\/#breadcrumb\"},\"inLanguage\":\"es\",\"potentialAction\":[{\"@type\":\"ReadAction\",\"target\":[\"https:\/\/lavendi.xyz\/zazil\/blog\/descubre-los-mitos-de-creacion-mayas-y-el-origen-del-mundo\/\"]}]},{\"@type\":\"ImageObject\",\"inLanguage\":\"es\",\"@id\":\"https:\/\/lavendi.xyz\/zazil\/blog\/descubre-los-mitos-de-creacion-mayas-y-el-origen-del-mundo\/#primaryimage\",\"url\":\"https:\/\/lavendi.xyz\/zazil\/wp-content\/uploads\/2024\/05\/OIP.webp\",\"contentUrl\":\"https:\/\/lavendi.xyz\/zazil\/wp-content\/uploads\/2024\/05\/OIP.webp\",\"width\":474,\"height\":314,\"caption\":\"Biodiversidad del Cenote\"},{\"@type\":\"BreadcrumbList\",\"@id\":\"https:\/\/lavendi.xyz\/zazil\/blog\/descubre-los-mitos-de-creacion-mayas-y-el-origen-del-mundo\/#breadcrumb\",\"itemListElement\":[{\"@type\":\"ListItem\",\"position\":1,\"name\":\"Inicio\",\"item\":\"https:\/\/lavendi.xyz\/zazil\/\"},{\"@type\":\"ListItem\",\"position\":2,\"name\":\"Descubre los mitos de creaci\u00f3n mayas y el origen del mundo\"}]},{\"@type\":\"WebSite\",\"@id\":\"https:\/\/lavendi.xyz\/zazil\/#website\",\"url\":\"https:\/\/lavendi.xyz\/zazil\/\",\"name\":\"Zazil Tunich - Cenote mas Premiado de Yucat\u00e1n\",\"description\":\"Cenote en Valladolid, Zazil Tunich el \u00fanico Cenote Museo de M\u00e9xico y m\u00e1s premiado de Yucat\u00e1n, donde conocer\u00e1s la estalactita mas grande de Yucatan, una experiencia \u00fanica sin turismo masivo.\",\"publisher\":{\"@id\":\"https:\/\/lavendi.xyz\/zazil\/#organization\"},\"potentialAction\":[{\"@type\":\"SearchAction\",\"target\":{\"@type\":\"EntryPoint\",\"urlTemplate\":\"https:\/\/lavendi.xyz\/zazil\/?s={search_term_string}\"},\"query-input\":{\"@type\":\"PropertyValueSpecification\",\"valueRequired\":true,\"valueName\":\"search_term_string\"}}],\"inLanguage\":\"es\"},{\"@type\":\"Organization\",\"@id\":\"https:\/\/lavendi.xyz\/zazil\/#organization\",\"name\":\"Zazil Tunich - Cenote mas Premiado de Yucat\u00e1n\",\"url\":\"https:\/\/lavendi.xyz\/zazil\/\",\"logo\":{\"@type\":\"ImageObject\",\"inLanguage\":\"es\",\"@id\":\"https:\/\/lavendi.xyz\/zazil\/#\/schema\/logo\/image\/\",\"url\":\"https:\/\/lavendi.xyz\/zazil\/wp-content\/uploads\/2024\/10\/2.png\",\"contentUrl\":\"https:\/\/lavendi.xyz\/zazil\/wp-content\/uploads\/2024\/10\/2.png\",\"width\":4000,\"height\":4000,\"caption\":\"Zazil Tunich - Cenote mas Premiado de Yucat\u00e1n\"},\"image\":{\"@id\":\"https:\/\/lavendi.xyz\/zazil\/#\/schema\/logo\/image\/\"}},{\"@type\":\"Person\",\"@id\":\"https:\/\/lavendi.xyz\/zazil\/#\/schema\/person\/58fd3a891320988847abb5c7309b1bd7\",\"name\":\"Zazil Tunich Xibalba\",\"image\":{\"@type\":\"ImageObject\",\"inLanguage\":\"es\",\"@id\":\"https:\/\/lavendi.xyz\/zazil\/#\/schema\/person\/image\/\",\"url\":\"https:\/\/secure.gravatar.com\/avatar\/9001f40784175c6777bd4a4ed95995dd?s=96&d=mm&r=g\",\"contentUrl\":\"https:\/\/secure.gravatar.com\/avatar\/9001f40784175c6777bd4a4ed95995dd?s=96&d=mm&r=g\",\"caption\":\"Zazil Tunich Xibalba\"},\"sameAs\":[\"https:\/\/lavendi.xyz\/zazil\"],\"url\":\"https:\/\/lavendi.xyz\/zazil\/blog\/author\/gededvalladolid-com-mx\/\"}]}<\/script>\n<!-- \/ Yoast SEO Premium plugin. -->","yoast_head_json":{"title":"Mitos de Creaci\u00f3n Mayas","description":"Descubre los mitos de creaci\u00f3n mayas, como el origen del mundo se remonta a un tiempo primordial, donde solo exist\u00eda el cielo y el mar.","robots":{"index":"index","follow":"follow","max-snippet":"max-snippet:-1","max-image-preview":"max-image-preview:large","max-video-preview":"max-video-preview:-1"},"canonical":"https:\/\/lavendi.xyz\/zazil\/blog\/descubre-los-mitos-de-creacion-mayas-y-el-origen-del-mundo\/","og_locale":"es_MX","og_type":"article","og_title":"Descubre los mitos de creaci\u00f3n mayas y el origen del mundo","og_description":"Descubre los mitos de creaci\u00f3n mayas, como el origen del mundo se remonta a un tiempo primordial, donde solo exist\u00eda el cielo y el mar.","og_url":"https:\/\/lavendi.xyz\/zazil\/blog\/descubre-los-mitos-de-creacion-mayas-y-el-origen-del-mundo\/","og_site_name":"Zazil Tunich - Cenote mas Premiado de Yucat\u00e1n","article_published_time":"2024-03-09T22:02:21+00:00","article_modified_time":"2024-11-05T15:05:09+00:00","og_image":[{"width":474,"height":314,"url":"https:\/\/lavendi.xyz\/zazil\/wp-content\/uploads\/2024\/05\/OIP.webp","type":"image\/webp"}],"author":"Zazil Tunich Xibalba","twitter_card":"summary_large_image","twitter_misc":{"Escrito por":"Zazil Tunich Xibalba","Tiempo de lectura":"5 minutos"},"schema":{"@context":"https:\/\/schema.org","@graph":[{"@type":"Article","@id":"https:\/\/lavendi.xyz\/zazil\/blog\/descubre-los-mitos-de-creacion-mayas-y-el-origen-del-mundo\/#article","isPartOf":{"@id":"https:\/\/lavendi.xyz\/zazil\/blog\/descubre-los-mitos-de-creacion-mayas-y-el-origen-del-mundo\/"},"author":{"name":"Zazil Tunich Xibalba","@id":"https:\/\/lavendi.xyz\/zazil\/#\/schema\/person\/58fd3a891320988847abb5c7309b1bd7"},"headline":"Descubre los mitos de creaci\u00f3n mayas y el origen del mundo","datePublished":"2024-03-09T22:02:21+00:00","dateModified":"2024-11-05T15:05:09+00:00","mainEntityOfPage":{"@id":"https:\/\/lavendi.xyz\/zazil\/blog\/descubre-los-mitos-de-creacion-mayas-y-el-origen-del-mundo\/"},"wordCount":1025,"commentCount":0,"publisher":{"@id":"https:\/\/lavendi.xyz\/zazil\/#organization"},"image":{"@id":"https:\/\/lavendi.xyz\/zazil\/blog\/descubre-los-mitos-de-creacion-mayas-y-el-origen-del-mundo\/#primaryimage"},"thumbnailUrl":"https:\/\/lavendi.xyz\/zazil\/wp-content\/uploads\/2024\/05\/OIP.webp","articleSection":["Cultura Maya","Leyendas Mayas","Museo Vivo"],"inLanguage":"es","potentialAction":[{"@type":"CommentAction","name":"Comment","target":["https:\/\/lavendi.xyz\/zazil\/blog\/descubre-los-mitos-de-creacion-mayas-y-el-origen-del-mundo\/#respond"]}]},{"@type":"WebPage","@id":"https:\/\/lavendi.xyz\/zazil\/blog\/descubre-los-mitos-de-creacion-mayas-y-el-origen-del-mundo\/","url":"https:\/\/lavendi.xyz\/zazil\/blog\/descubre-los-mitos-de-creacion-mayas-y-el-origen-del-mundo\/","name":"Mitos de Creaci\u00f3n Mayas","isPartOf":{"@id":"https:\/\/lavendi.xyz\/zazil\/#website"},"primaryImageOfPage":{"@id":"https:\/\/lavendi.xyz\/zazil\/blog\/descubre-los-mitos-de-creacion-mayas-y-el-origen-del-mundo\/#primaryimage"},"image":{"@id":"https:\/\/lavendi.xyz\/zazil\/blog\/descubre-los-mitos-de-creacion-mayas-y-el-origen-del-mundo\/#primaryimage"},"thumbnailUrl":"https:\/\/lavendi.xyz\/zazil\/wp-content\/uploads\/2024\/05\/OIP.webp","datePublished":"2024-03-09T22:02:21+00:00","dateModified":"2024-11-05T15:05:09+00:00","description":"Descubre los mitos de creaci\u00f3n mayas, como el origen del mundo se remonta a un tiempo primordial, donde solo exist\u00eda el cielo y el mar.","breadcrumb":{"@id":"https:\/\/lavendi.xyz\/zazil\/blog\/descubre-los-mitos-de-creacion-mayas-y-el-origen-del-mundo\/#breadcrumb"},"inLanguage":"es","potentialAction":[{"@type":"ReadAction","target":["https:\/\/lavendi.xyz\/zazil\/blog\/descubre-los-mitos-de-creacion-mayas-y-el-origen-del-mundo\/"]}]},{"@type":"ImageObject","inLanguage":"es","@id":"https:\/\/lavendi.xyz\/zazil\/blog\/descubre-los-mitos-de-creacion-mayas-y-el-origen-del-mundo\/#primaryimage","url":"https:\/\/lavendi.xyz\/zazil\/wp-content\/uploads\/2024\/05\/OIP.webp","contentUrl":"https:\/\/lavendi.xyz\/zazil\/wp-content\/uploads\/2024\/05\/OIP.webp","width":474,"height":314,"caption":"Biodiversidad del Cenote"},{"@type":"BreadcrumbList","@id":"https:\/\/lavendi.xyz\/zazil\/blog\/descubre-los-mitos-de-creacion-mayas-y-el-origen-del-mundo\/#breadcrumb","itemListElement":[{"@type":"ListItem","position":1,"name":"Inicio","item":"https:\/\/lavendi.xyz\/zazil\/"},{"@type":"ListItem","position":2,"name":"Descubre los mitos de creaci\u00f3n mayas y el origen del mundo"}]},{"@type":"WebSite","@id":"https:\/\/lavendi.xyz\/zazil\/#website","url":"https:\/\/lavendi.xyz\/zazil\/","name":"Zazil Tunich - Cenote mas Premiado de Yucat\u00e1n","description":"Cenote en Valladolid, Zazil Tunich el \u00fanico Cenote Museo de M\u00e9xico y m\u00e1s premiado de Yucat\u00e1n, donde conocer\u00e1s la estalactita mas grande de Yucatan, una experiencia \u00fanica sin turismo masivo.","publisher":{"@id":"https:\/\/lavendi.xyz\/zazil\/#organization"},"potentialAction":[{"@type":"SearchAction","target":{"@type":"EntryPoint","urlTemplate":"https:\/\/lavendi.xyz\/zazil\/?s={search_term_string}"},"query-input":{"@type":"PropertyValueSpecification","valueRequired":true,"valueName":"search_term_string"}}],"inLanguage":"es"},{"@type":"Organization","@id":"https:\/\/lavendi.xyz\/zazil\/#organization","name":"Zazil Tunich - Cenote mas Premiado de Yucat\u00e1n","url":"https:\/\/lavendi.xyz\/zazil\/","logo":{"@type":"ImageObject","inLanguage":"es","@id":"https:\/\/lavendi.xyz\/zazil\/#\/schema\/logo\/image\/","url":"https:\/\/lavendi.xyz\/zazil\/wp-content\/uploads\/2024\/10\/2.png","contentUrl":"https:\/\/lavendi.xyz\/zazil\/wp-content\/uploads\/2024\/10\/2.png","width":4000,"height":4000,"caption":"Zazil Tunich - Cenote mas Premiado de Yucat\u00e1n"},"image":{"@id":"https:\/\/lavendi.xyz\/zazil\/#\/schema\/logo\/image\/"}},{"@type":"Person","@id":"https:\/\/lavendi.xyz\/zazil\/#\/schema\/person\/58fd3a891320988847abb5c7309b1bd7","name":"Zazil Tunich Xibalba","image":{"@type":"ImageObject","inLanguage":"es","@id":"https:\/\/lavendi.xyz\/zazil\/#\/schema\/person\/image\/","url":"https:\/\/secure.gravatar.com\/avatar\/9001f40784175c6777bd4a4ed95995dd?s=96&d=mm&r=g","contentUrl":"https:\/\/secure.gravatar.com\/avatar\/9001f40784175c6777bd4a4ed95995dd?s=96&d=mm&r=g","caption":"Zazil Tunich Xibalba"},"sameAs":["https:\/\/lavendi.xyz\/zazil"],"url":"https:\/\/lavendi.xyz\/zazil\/blog\/author\/gededvalladolid-com-mx\/"}]}},"taxonomy_info":{"category":[{"value":79,"label":"Cultura Maya"},{"value":64,"label":"Leyendas Mayas"},{"value":40,"label":"Museo Vivo"}]},"featured_image_src_large":["https:\/\/lavendi.xyz\/zazil\/wp-content\/uploads\/2024\/05\/OIP.webp",474,314,false],"author_info":{"display_name":"Zazil Tunich Xibalba","author_link":"https:\/\/lavendi.xyz\/zazil\/blog\/author\/gededvalladolid-com-mx\/"},"comment_info":0,"category_info":[{"term_id":79,"name":"Cultura Maya","slug":"cultura-maya","term_group":0,"term_taxonomy_id":79,"taxonomy":"category","description":"","parent":0,"count":46,"filter":"raw","cat_ID":79,"category_count":46,"category_description":"","cat_name":"Cultura Maya","category_nicename":"cultura-maya","category_parent":0},{"term_id":64,"name":"Leyendas Mayas","slug":"leyendas-mayas","term_group":0,"term_taxonomy_id":64,"taxonomy":"category","description":"","parent":0,"count":24,"filter":"raw","cat_ID":64,"category_count":24,"category_description":"","cat_name":"Leyendas Mayas","category_nicename":"leyendas-mayas","category_parent":0},{"term_id":40,"name":"Museo Vivo","slug":"museo-vivo","term_group":0,"term_taxonomy_id":40,"taxonomy":"category","description":"","parent":0,"count":35,"filter":"raw","cat_ID":40,"category_count":35,"category_description":"","cat_name":"Museo Vivo","category_nicename":"museo-vivo","category_parent":0}],"tag_info":false,"_links":{"self":[{"href":"https:\/\/lavendi.xyz\/zazil\/wp-json\/wp\/v2\/posts\/32749"}],"collection":[{"href":"https:\/\/lavendi.xyz\/zazil\/wp-json\/wp\/v2\/posts"}],"about":[{"href":"https:\/\/lavendi.xyz\/zazil\/wp-json\/wp\/v2\/types\/post"}],"author":[{"embeddable":true,"href":"https:\/\/lavendi.xyz\/zazil\/wp-json\/wp\/v2\/users\/1"}],"replies":[{"embeddable":true,"href":"https:\/\/lavendi.xyz\/zazil\/wp-json\/wp\/v2\/comments?post=32749"}],"version-history":[{"count":3,"href":"https:\/\/lavendi.xyz\/zazil\/wp-json\/wp\/v2\/posts\/32749\/revisions"}],"predecessor-version":[{"id":38641,"href":"https:\/\/lavendi.xyz\/zazil\/wp-json\/wp\/v2\/posts\/32749\/revisions\/38641"}],"wp:featuredmedia":[{"embeddable":true,"href":"https:\/\/lavendi.xyz\/zazil\/wp-json\/wp\/v2\/media\/24931"}],"wp:attachment":[{"href":"https:\/\/lavendi.xyz\/zazil\/wp-json\/wp\/v2\/media?parent=32749"}],"wp:term":[{"taxonomy":"category","embeddable":true,"href":"https:\/\/lavendi.xyz\/zazil\/wp-json\/wp\/v2\/categories?post=32749"},{"taxonomy":"post_tag","embeddable":true,"href":"https:\/\/lavendi.xyz\/zazil\/wp-json\/wp\/v2\/tags?post=32749"}],"curies":[{"name":"wp","href":"https:\/\/api.w.org\/{rel}","templated":true}]}}