{"id":32822,"date":"2024-06-04T00:07:42","date_gmt":"2024-06-04T05:07:42","guid":{"rendered":"https:\/\/lavendi.xyz\/zazil\/blog\/amanecer-en-zazil-tunich-flora-fauna\/"},"modified":"2024-11-05T10:49:37","modified_gmt":"2024-11-05T15:49:37","slug":"amanecer-en-zazil-tunich-flora-fauna","status":"publish","type":"post","link":"https:\/\/lavendi.xyz\/zazil\/blog\/amanecer-en-zazil-tunich-flora-fauna\/","title":{"rendered":"\u201cEl Despertar de la Selva\u201d: La Majestuosidad Matutina de la Flora y Fauna en Zazil Tunich"},"content":{"rendered":"\t\t<div data-elementor-type=\"wp-post\" data-elementor-id=\"32822\" class=\"elementor elementor-32822\" data-elementor-post-type=\"post\">\n\t\t\t\t<div class=\"elementor-element elementor-element-69fe106f e-flex e-con-boxed e-con e-parent\" data-id=\"69fe106f\" data-element_type=\"container\" data-e-type=\"container\">\n\t\t\t\t\t<div class=\"e-con-inner\">\n\t\t<div class=\"elementor-element elementor-element-dadafe1 e-con-full e-flex e-con e-child\" data-id=\"dadafe1\" data-element_type=\"container\" data-e-type=\"container\">\n\t\t\t\t<div class=\"elementor-element elementor-element-6012f20 elementor-widget elementor-widget-text-editor\" data-id=\"6012f20\" data-element_type=\"widget\" data-e-type=\"widget\" data-widget_type=\"text-editor.default\">\n\t\t\t\t<div class=\"elementor-widget-container\">\n\t\t\t\t\t\t\t\t\t<p>Al amanecer, cuando los primeros rayos del sol se filtran a trav\u00e9s de la densa cortina de la selva yucateca, Zazil Tunich se despierta al ritmo de un mundo antiguo. Este es el momento en que la naturaleza cobra vida, revelando la majestuosidad matutina de una flora y fauna que han prosperado en armon\u00eda durante milenios.<\/p>\t\t\t\t\t\t\t\t<\/div>\n\t\t\t\t<\/div>\n\t\t\t\t<div class=\"elementor-element elementor-element-e186eb1 elementor-widget elementor-widget-heading\" data-id=\"e186eb1\" data-element_type=\"widget\" data-e-type=\"widget\" data-widget_type=\"heading.default\">\n\t\t\t\t<div class=\"elementor-widget-container\">\n\t\t\t\t\t<h2 class=\"elementor-heading-title elementor-size-default\">El amanecer en Zazil Tunich<\/h2>\t\t\t\t<\/div>\n\t\t\t\t<\/div>\n\t\t\t\t<div class=\"elementor-element elementor-element-ca99442 elementor-widget elementor-widget-image\" data-id=\"ca99442\" data-element_type=\"widget\" data-e-type=\"widget\" data-widget_type=\"image.default\">\n\t\t\t\t<div class=\"elementor-widget-container\">\n\t\t\t\t\t\t\t\t\t\t\t\t\t\t\t<img decoding=\"async\" src=\"https:\/\/lavendi.xyz\/zazil\/wp-content\/uploads\/2024\/06\/image-1024x576.jpg\" title=\"\" alt=\"Flora y fauna en Zazil Tunich\" loading=\"lazy\" \/>\t\t\t\t\t\t\t\t\t\t\t\t\t\t\t<\/div>\n\t\t\t\t<\/div>\n\t\t\t\t<div class=\"elementor-element elementor-element-08e2be8 elementor-widget elementor-widget-text-editor\" data-id=\"08e2be8\" data-element_type=\"widget\" data-e-type=\"widget\" data-widget_type=\"text-editor.default\">\n\t\t\t\t<div class=\"elementor-widget-container\">\n\t\t\t\t\t\t\t\t\t<p>El despertar de la selva es un espect\u00e1culo que cautiva todos los sentidos. Los colores del amanecer pintan el cielo con tonos de rosa y naranja, mientras que la selva responde con un coro de sonidos: el canto de las aves, el murmullo de las hojas y el susurro del viento. Es un momento de pura magia, una invitaci\u00f3n a presenciar la flora y fauna y el ciclo diario de renacimiento que se lleva a cabo en Zazil Tunich. Adem\u00e1s, la luz matutina revela secretos ocultos entre las sombras: antiguas formaciones rocosas que cuentan historias de civilizaciones pasadas y aguas cristalinas que reflejan la historia viva de la Tierra. Este amanecer no es solo un nuevo d\u00eda, sino una puerta a la eternidad.<\/p>\t\t\t\t\t\t\t\t<\/div>\n\t\t\t\t<\/div>\n\t\t\t\t<div class=\"elementor-element elementor-element-2d93b0a elementor-widget elementor-widget-heading\" data-id=\"2d93b0a\" data-element_type=\"widget\" data-e-type=\"widget\" data-widget_type=\"heading.default\">\n\t\t\t\t<div class=\"elementor-widget-container\">\n\t\t\t\t\t<h2 class=\"elementor-heading-title elementor-size-default\"><span style=\"font-size: 22px;font-weight: 500;text-align: var(--text-align)\">Flora: Un Tapiz Vivo<\/span><\/h2>\t\t\t\t<\/div>\n\t\t\t\t<\/div>\n\t\t\t\t<div class=\"elementor-element elementor-element-1c7d3d6 elementor-widget elementor-widget-text-editor\" data-id=\"1c7d3d6\" data-element_type=\"widget\" data-e-type=\"widget\" data-widget_type=\"text-editor.default\">\n\t\t\t\t<div class=\"elementor-widget-container\">\n\t\t\t\t\t\t\t\t\t<p>La flora de Zazil Tunich es un tapiz vivo de verdes intensos, flores vibrantes y \u00e1rboles majestuosos que se extienden hacia el cielo. Cada planta, desde las m\u00e1s peque\u00f1as hierbas hasta las m\u00e1s altas ceibas, juega un papel crucial en el ecosistema, proporcionando ox\u00edgeno, alimento y refugio a innumerables especies.\u00a0En este para\u00edso verde<strong>,<\/strong> cada hoja y cada p\u00e9talo son testimonios del poder de la naturaleza para crear belleza. Las orqu\u00eddeas ex\u00f3ticas y las bromelias a\u00e9reas adornan las ramas, mientras que las ra\u00edces de los \u00e1rboles se entrelazan con la historia misma del suelo que las nutre<\/p>\t\t\t\t\t\t\t\t<\/div>\n\t\t\t\t<\/div>\n\t\t\t\t<div class=\"elementor-element elementor-element-03c573a elementor-widget elementor-widget-image\" data-id=\"03c573a\" data-element_type=\"widget\" data-e-type=\"widget\" data-widget_type=\"image.default\">\n\t\t\t\t<div class=\"elementor-widget-container\">\n\t\t\t\t\t\t\t\t\t\t\t\t\t\t\t<img decoding=\"async\" src=\"https:\/\/lavendi.xyz\/zazil\/wp-content\/uploads\/2024\/05\/img_7880-1.jpg\" title=\"\" alt=\"Flora espectacular en Zazil Tunich\" loading=\"lazy\" \/>\t\t\t\t\t\t\t\t\t\t\t\t\t\t\t<\/div>\n\t\t\t\t<\/div>\n\t\t\t\t<div class=\"elementor-element elementor-element-8d652ec elementor-widget elementor-widget-heading\" data-id=\"8d652ec\" data-element_type=\"widget\" data-e-type=\"widget\" data-widget_type=\"heading.default\">\n\t\t\t\t<div class=\"elementor-widget-container\">\n\t\t\t\t\t<h2 class=\"elementor-heading-title elementor-size-default\">Fauna: El pulso de la selva Maya<\/h2>\t\t\t\t<\/div>\n\t\t\t\t<\/div>\n\t\t\t\t<div class=\"elementor-element elementor-element-44e9051 elementor-widget elementor-widget-text-editor\" data-id=\"44e9051\" data-element_type=\"widget\" data-e-type=\"widget\" data-widget_type=\"text-editor.default\">\n\t\t\t\t<div class=\"elementor-widget-container\">\n\t\t\t\t\t\t\t\t\t<p>Con la luz del d\u00eda, la fauna de Zazil Tunich comienza su danza diaria de supervivencia y belleza. Las mariposas despliegan sus alas, los monos aulladores proclaman su territorio y los jaguares, se\u00f1ores sigilosos de la selva, se preparan para descansar despu\u00e9s de una noche de caza. Es un momento para observar, aprender y maravillarse con la diversidad de vida que hace de este lugar un para\u00edso terrenal.\u00a0La selva tambi\u00e9n es hogar\u00a0de criaturas menos vistas pero igualmente fascinantes. Desde los diminutos colibr\u00edes hasta los enigm\u00e1ticos ocelotes, cada animal contribuye a la sinfon\u00eda de la vida que resuena en cada rinc\u00f3n de Zazil Tunich.<\/p>\t\t\t\t\t\t\t\t<\/div>\n\t\t\t\t<\/div>\n\t\t\t\t<div class=\"elementor-element elementor-element-2dbcce6 elementor-widget elementor-widget-image\" data-id=\"2dbcce6\" data-element_type=\"widget\" data-e-type=\"widget\" data-widget_type=\"image.default\">\n\t\t\t\t<div class=\"elementor-widget-container\">\n\t\t\t\t\t\t\t\t\t\t\t\t\t\t\t<img decoding=\"async\" src=\"https:\/\/lavendi.xyz\/zazil\/wp-content\/uploads\/2024\/01\/IMG_7017-e1705891190442.png\" title=\"\" alt=\"La fauna de Zazil Tunich un espect\u00e1culo\" loading=\"lazy\" \/>\t\t\t\t\t\t\t\t\t\t\t\t\t\t\t<\/div>\n\t\t\t\t<\/div>\n\t\t\t\t<div class=\"elementor-element elementor-element-d8a476e elementor-widget elementor-widget-heading\" data-id=\"d8a476e\" data-element_type=\"widget\" data-e-type=\"widget\" data-widget_type=\"heading.default\">\n\t\t\t\t<div class=\"elementor-widget-container\">\n\t\t\t\t\t<h2 class=\"elementor-heading-title elementor-size-default\">Un refugio para la biodiversidad<\/h2>\t\t\t\t<\/div>\n\t\t\t\t<\/div>\n\t\t\t\t<div class=\"elementor-element elementor-element-9684697 elementor-widget elementor-widget-text-editor\" data-id=\"9684697\" data-element_type=\"widget\" data-e-type=\"widget\" data-widget_type=\"text-editor.default\">\n\t\t\t\t<div class=\"elementor-widget-container\">\n\t\t\t\t\t\t\t\t\t<p>Zazil Tunich no es solo un destino tur\u00edstico; es un refugio para la biodiversidad. Aqu\u00ed, las pr\u00e1cticas de conservaci\u00f3n y sostenibilidad de la flora y fauna aseguran que la selva y sus habitantes contin\u00faen prosperando. Cada visita contribuye a estos esfuerzos, apoyando la misi\u00f3n de Zazil Tunich de proteger y preservar.\u00a0<\/p><p>Este compromiso con la sostenibilidad<strong>\u00a0<\/strong>se refleja en cada aspecto de la experiencia en Zazil Tunich. Desde los senderos cuidadosamente dise\u00f1ados hasta las instalaciones eco-amigables, todo est\u00e1 pensado para que tu visita sea parte de una soluci\u00f3n mayor, un paso hacia un futuro donde el hombre y la naturaleza coexisten en armon\u00eda.<\/p>\t\t\t\t\t\t\t\t<\/div>\n\t\t\t\t<\/div>\n\t\t\t\t<div class=\"elementor-element elementor-element-0858dbe elementor-cta--skin-cover elementor-bg-transform elementor-bg-transform-zoom-out elementor-animated-content elementor-widget elementor-widget-global elementor-global-30579 elementor-widget-call-to-action\" data-id=\"0858dbe\" data-element_type=\"widget\" data-e-type=\"widget\" data-widget_type=\"call-to-action.default\">\n\t\t\t\t<div class=\"elementor-widget-container\">\n\t\t\t\t\t\t\t<div class=\"elementor-cta\">\n\t\t\t\t\t<div class=\"elementor-cta__bg-wrapper\">\n\t\t\t\t<div class=\"elementor-cta__bg elementor-bg\" style=\"background-image: url(https:\/\/lavendi.xyz\/zazil\/wp-content\/uploads\/2024\/10\/slider-scaled-e1705893221594.jpg);\" role=\"img\" aria-label=\"slider--scaled-e1705893221594.jpg\"><\/div>\n\t\t\t\t<div class=\"elementor-cta__bg-overlay\"><\/div>\n\t\t\t<\/div>\n\t\t\t\t\t\t\t<div class=\"elementor-cta__content\">\n\t\t\t\t\n\t\t\t\t\t\t\t\t\t<h2 class=\"elementor-cta__title elementor-cta__content-item elementor-content-item elementor-animated-item--grow\">\n\t\t\t\t\t\tVisita el unico Cenote &amp; Museo\t\t\t\t\t<\/h2>\n\t\t\t\t\n\t\t\t\t\n\t\t\t\t\t\t\t\t\t<div class=\"elementor-cta__button-wrapper elementor-cta__content-item elementor-content-item elementor-animated-item--grow\">\n\t\t\t\t\t<a class=\"elementor-cta__button elementor-button elementor-size-\" href=\"http:\/\/www.zaziltunich.com\/reservaciones\">\n\t\t\t\t\t\tReserva aqui\t\t\t\t\t<\/a>\n\t\t\t\t\t<\/div>\n\t\t\t\t\t\t\t<\/div>\n\t\t\t\t\t\t\t<div class=\"elementor-ribbon elementor-ribbon-right\">\n\t\t\t\t<div class=\"elementor-ribbon-inner\">\n\t\t\t\t\tPremio nacional\t\t\t\t<\/div>\n\t\t\t<\/div>\n\t\t\t\t<\/div>\n\t\t\t\t\t\t<\/div>\n\t\t\t\t<\/div>\n\t\t\t\t<div class=\"elementor-element elementor-element-05c5f58 elementor-widget elementor-widget-text-editor\" data-id=\"05c5f58\" data-element_type=\"widget\" data-e-type=\"widget\" data-widget_type=\"text-editor.default\">\n\t\t\t\t<div class=\"elementor-widget-container\">\n\t\t\t\t\t\t\t\t\t<p>Te invitamos a reservar tu experiencia en Zazil Tunich para ser testigo del \u201cDespertar de la Selva\u201d. Es una oportunidad para conectar con la naturaleza, para sentir la energ\u00eda vital que fluye a trav\u00e9s de cada hoja y cada criatura al amanecer. Ven y s\u00e9 parte de este espect\u00e1culo natural, y lleva contigo el recuerdo de la majestuosidad matutina que solo Zazil Tunich puede ofrecer. Esperamos que esta entrada te inspire a visitar Zazil Tunich y a experimentar el despertar de la selva por ti mismo. Reserva tu experiencia hoy y sum\u00e9rgete en la belleza de un mundo que despierta con la luz del amanecer, un mundo que te espera con los brazos abiertos para mostrarte la majestuosidad de la vida en su forma m\u00e1s pura<\/p>\t\t\t\t\t\t\t\t<\/div>\n\t\t\t\t<\/div>\n\t\t\t\t<\/div>\n\t\t\t\t\t<\/div>\n\t\t\t\t<\/div>\n\t\t\t\t<\/div>\n\t\t","protected":false},"excerpt":{"rendered":"<p>Al amanecer, cuando los primeros rayos del sol se filtran a trav\u00e9s de la densa cortina de la selva yucateca, Zazil Tunich se despierta al ritmo de un mundo antiguo. Este es el momento en que la naturaleza cobra vida, revelando la majestuosidad matutina de una flora y fauna que han prosperado en armon\u00eda durante milenios.<\/p>\n","protected":false},"author":1,"featured_media":18612,"comment_status":"open","ping_status":"open","sticky":false,"template":"","format":"standard","meta":{"_kad_blocks_custom_css":"","_kad_blocks_head_custom_js":"","_kad_blocks_body_custom_js":"","_kad_blocks_footer_custom_js":"","_joinchat":[],"footnotes":""},"categories":[41],"tags":[53,54,123,124,37],"class_list":["post-32822","post","type-post","status-publish","format-standard","has-post-thumbnail","hentry","category-naturaleza","tag-cenote","tag-cultura-maya","tag-fauna-yucateca","tag-flora-yucateca","tag-naturaleza"],"yoast_head":"<!-- This site is optimized with the Yoast SEO Premium plugin v22.8 (Yoast SEO v25.6) - https:\/\/yoast.com\/wordpress\/plugins\/seo\/ -->\n<title>&quot;El despertar de la selva&quot; : La magestuosidad de la flora y fauna<\/title>\n<meta name=\"description\" content=\"Este es el momento en que la naturaleza cobra vida, revelando la majestuosidad matutina de una flora y fauna.\" \/>\n<meta name=\"robots\" content=\"index, follow, max-snippet:-1, max-image-preview:large, max-video-preview:-1\" \/>\n<link rel=\"canonical\" href=\"https:\/\/lavendi.xyz\/zazil\/blog\/amanecer-en-zazil-tunich-flora-fauna\/\" \/>\n<meta property=\"og:locale\" content=\"es_MX\" \/>\n<meta property=\"og:type\" content=\"article\" \/>\n<meta property=\"og:title\" content=\"\u201cEl Despertar de la Selva\u201d: La Majestuosidad Matutina de la Flora y Fauna en Zazil Tunich\" \/>\n<meta property=\"og:description\" content=\"Este es el momento en que la naturaleza cobra vida, revelando la majestuosidad matutina de una flora y fauna.\" \/>\n<meta property=\"og:url\" content=\"https:\/\/lavendi.xyz\/zazil\/blog\/amanecer-en-zazil-tunich-flora-fauna\/\" \/>\n<meta property=\"og:site_name\" content=\"Zazil Tunich - Cenote mas Premiado de Yucat\u00e1n\" \/>\n<meta property=\"article:published_time\" content=\"2024-06-04T05:07:42+00:00\" \/>\n<meta property=\"article:modified_time\" content=\"2024-11-05T15:49:37+00:00\" \/>\n<meta property=\"og:image\" content=\"https:\/\/lavendi.xyz\/zazil\/wp-content\/uploads\/2024\/01\/IMG_7017-e1705891190442.png\" \/>\n\t<meta property=\"og:image:width\" content=\"1277\" \/>\n\t<meta property=\"og:image:height\" content=\"2004\" \/>\n\t<meta property=\"og:image:type\" content=\"image\/png\" \/>\n<meta name=\"author\" content=\"Zazil Tunich Xibalba\" \/>\n<meta name=\"twitter:card\" content=\"summary_large_image\" \/>\n<meta name=\"twitter:label1\" content=\"Escrito por\" \/>\n\t<meta name=\"twitter:data1\" content=\"Zazil Tunich Xibalba\" \/>\n\t<meta name=\"twitter:label2\" content=\"Tiempo de lectura\" \/>\n\t<meta name=\"twitter:data2\" content=\"4 minutos\" \/>\n<script type=\"application\/ld+json\" class=\"yoast-schema-graph\">{\"@context\":\"https:\/\/schema.org\",\"@graph\":[{\"@type\":\"Article\",\"@id\":\"https:\/\/lavendi.xyz\/zazil\/blog\/amanecer-en-zazil-tunich-flora-fauna\/#article\",\"isPartOf\":{\"@id\":\"https:\/\/lavendi.xyz\/zazil\/blog\/amanecer-en-zazil-tunich-flora-fauna\/\"},\"author\":{\"name\":\"Zazil Tunich Xibalba\",\"@id\":\"https:\/\/lavendi.xyz\/zazil\/#\/schema\/person\/58fd3a891320988847abb5c7309b1bd7\"},\"headline\":\"\u201cEl Despertar de la Selva\u201d: La Majestuosidad Matutina de la Flora y Fauna en Zazil Tunich\",\"datePublished\":\"2024-06-04T05:07:42+00:00\",\"dateModified\":\"2024-11-05T15:49:37+00:00\",\"mainEntityOfPage\":{\"@id\":\"https:\/\/lavendi.xyz\/zazil\/blog\/amanecer-en-zazil-tunich-flora-fauna\/\"},\"wordCount\":694,\"commentCount\":0,\"publisher\":{\"@id\":\"https:\/\/lavendi.xyz\/zazil\/#organization\"},\"image\":{\"@id\":\"https:\/\/lavendi.xyz\/zazil\/blog\/amanecer-en-zazil-tunich-flora-fauna\/#primaryimage\"},\"thumbnailUrl\":\"https:\/\/lavendi.xyz\/zazil\/wp-content\/uploads\/2024\/01\/IMG_7017-e1705891190442.png\",\"keywords\":[\"cenote\",\"cultura maya\",\"fauna yucateca\",\"flora yucateca\",\"Naturaleza\"],\"articleSection\":[\"Naturaleza\"],\"inLanguage\":\"es\",\"potentialAction\":[{\"@type\":\"CommentAction\",\"name\":\"Comment\",\"target\":[\"https:\/\/lavendi.xyz\/zazil\/blog\/amanecer-en-zazil-tunich-flora-fauna\/#respond\"]}]},{\"@type\":\"WebPage\",\"@id\":\"https:\/\/lavendi.xyz\/zazil\/blog\/amanecer-en-zazil-tunich-flora-fauna\/\",\"url\":\"https:\/\/lavendi.xyz\/zazil\/blog\/amanecer-en-zazil-tunich-flora-fauna\/\",\"name\":\"\\\"El despertar de la selva\\\" : La magestuosidad de la flora y fauna\",\"isPartOf\":{\"@id\":\"https:\/\/lavendi.xyz\/zazil\/#website\"},\"primaryImageOfPage\":{\"@id\":\"https:\/\/lavendi.xyz\/zazil\/blog\/amanecer-en-zazil-tunich-flora-fauna\/#primaryimage\"},\"image\":{\"@id\":\"https:\/\/lavendi.xyz\/zazil\/blog\/amanecer-en-zazil-tunich-flora-fauna\/#primaryimage\"},\"thumbnailUrl\":\"https:\/\/lavendi.xyz\/zazil\/wp-content\/uploads\/2024\/01\/IMG_7017-e1705891190442.png\",\"datePublished\":\"2024-06-04T05:07:42+00:00\",\"dateModified\":\"2024-11-05T15:49:37+00:00\",\"description\":\"Este es el momento en que la naturaleza cobra vida, revelando la majestuosidad matutina de una flora y fauna.\",\"breadcrumb\":{\"@id\":\"https:\/\/lavendi.xyz\/zazil\/blog\/amanecer-en-zazil-tunich-flora-fauna\/#breadcrumb\"},\"inLanguage\":\"es\",\"potentialAction\":[{\"@type\":\"ReadAction\",\"target\":[\"https:\/\/lavendi.xyz\/zazil\/blog\/amanecer-en-zazil-tunich-flora-fauna\/\"]}]},{\"@type\":\"ImageObject\",\"inLanguage\":\"es\",\"@id\":\"https:\/\/lavendi.xyz\/zazil\/blog\/amanecer-en-zazil-tunich-flora-fauna\/#primaryimage\",\"url\":\"https:\/\/lavendi.xyz\/zazil\/wp-content\/uploads\/2024\/01\/IMG_7017-e1705891190442.png\",\"contentUrl\":\"https:\/\/lavendi.xyz\/zazil\/wp-content\/uploads\/2024\/01\/IMG_7017-e1705891190442.png\",\"width\":1277,\"height\":2004},{\"@type\":\"BreadcrumbList\",\"@id\":\"https:\/\/lavendi.xyz\/zazil\/blog\/amanecer-en-zazil-tunich-flora-fauna\/#breadcrumb\",\"itemListElement\":[{\"@type\":\"ListItem\",\"position\":1,\"name\":\"Inicio\",\"item\":\"https:\/\/lavendi.xyz\/zazil\/\"},{\"@type\":\"ListItem\",\"position\":2,\"name\":\"\u201cEl Despertar de la Selva\u201d: La Majestuosidad Matutina de la Flora y Fauna en Zazil Tunich\"}]},{\"@type\":\"WebSite\",\"@id\":\"https:\/\/lavendi.xyz\/zazil\/#website\",\"url\":\"https:\/\/lavendi.xyz\/zazil\/\",\"name\":\"Zazil Tunich - Cenote mas Premiado de Yucat\u00e1n\",\"description\":\"Cenote en Valladolid, Zazil Tunich el \u00fanico Cenote Museo de M\u00e9xico y m\u00e1s premiado de Yucat\u00e1n, donde conocer\u00e1s la estalactita mas grande de Yucatan, una experiencia \u00fanica sin turismo masivo.\",\"publisher\":{\"@id\":\"https:\/\/lavendi.xyz\/zazil\/#organization\"},\"potentialAction\":[{\"@type\":\"SearchAction\",\"target\":{\"@type\":\"EntryPoint\",\"urlTemplate\":\"https:\/\/lavendi.xyz\/zazil\/?s={search_term_string}\"},\"query-input\":{\"@type\":\"PropertyValueSpecification\",\"valueRequired\":true,\"valueName\":\"search_term_string\"}}],\"inLanguage\":\"es\"},{\"@type\":\"Organization\",\"@id\":\"https:\/\/lavendi.xyz\/zazil\/#organization\",\"name\":\"Zazil Tunich - Cenote mas Premiado de Yucat\u00e1n\",\"url\":\"https:\/\/lavendi.xyz\/zazil\/\",\"logo\":{\"@type\":\"ImageObject\",\"inLanguage\":\"es\",\"@id\":\"https:\/\/lavendi.xyz\/zazil\/#\/schema\/logo\/image\/\",\"url\":\"https:\/\/lavendi.xyz\/zazil\/wp-content\/uploads\/2024\/10\/2.png\",\"contentUrl\":\"https:\/\/lavendi.xyz\/zazil\/wp-content\/uploads\/2024\/10\/2.png\",\"width\":4000,\"height\":4000,\"caption\":\"Zazil Tunich - Cenote mas Premiado de Yucat\u00e1n\"},\"image\":{\"@id\":\"https:\/\/lavendi.xyz\/zazil\/#\/schema\/logo\/image\/\"}},{\"@type\":\"Person\",\"@id\":\"https:\/\/lavendi.xyz\/zazil\/#\/schema\/person\/58fd3a891320988847abb5c7309b1bd7\",\"name\":\"Zazil Tunich Xibalba\",\"image\":{\"@type\":\"ImageObject\",\"inLanguage\":\"es\",\"@id\":\"https:\/\/lavendi.xyz\/zazil\/#\/schema\/person\/image\/\",\"url\":\"https:\/\/secure.gravatar.com\/avatar\/9001f40784175c6777bd4a4ed95995dd?s=96&d=mm&r=g\",\"contentUrl\":\"https:\/\/secure.gravatar.com\/avatar\/9001f40784175c6777bd4a4ed95995dd?s=96&d=mm&r=g\",\"caption\":\"Zazil Tunich Xibalba\"},\"sameAs\":[\"https:\/\/lavendi.xyz\/zazil\"],\"url\":\"https:\/\/lavendi.xyz\/zazil\/blog\/author\/gededvalladolid-com-mx\/\"}]}<\/script>\n<!-- \/ Yoast SEO Premium plugin. -->","yoast_head_json":{"title":"\"El despertar de la selva\" : La magestuosidad de la flora y fauna","description":"Este es el momento en que la naturaleza cobra vida, revelando la majestuosidad matutina de una flora y fauna.","robots":{"index":"index","follow":"follow","max-snippet":"max-snippet:-1","max-image-preview":"max-image-preview:large","max-video-preview":"max-video-preview:-1"},"canonical":"https:\/\/lavendi.xyz\/zazil\/blog\/amanecer-en-zazil-tunich-flora-fauna\/","og_locale":"es_MX","og_type":"article","og_title":"\u201cEl Despertar de la Selva\u201d: La Majestuosidad Matutina de la Flora y Fauna en Zazil Tunich","og_description":"Este es el momento en que la naturaleza cobra vida, revelando la majestuosidad matutina de una flora y fauna.","og_url":"https:\/\/lavendi.xyz\/zazil\/blog\/amanecer-en-zazil-tunich-flora-fauna\/","og_site_name":"Zazil Tunich - Cenote mas Premiado de Yucat\u00e1n","article_published_time":"2024-06-04T05:07:42+00:00","article_modified_time":"2024-11-05T15:49:37+00:00","og_image":[{"width":1277,"height":2004,"url":"https:\/\/lavendi.xyz\/zazil\/wp-content\/uploads\/2024\/01\/IMG_7017-e1705891190442.png","type":"image\/png"}],"author":"Zazil Tunich Xibalba","twitter_card":"summary_large_image","twitter_misc":{"Escrito por":"Zazil Tunich Xibalba","Tiempo de lectura":"4 minutos"},"schema":{"@context":"https:\/\/schema.org","@graph":[{"@type":"Article","@id":"https:\/\/lavendi.xyz\/zazil\/blog\/amanecer-en-zazil-tunich-flora-fauna\/#article","isPartOf":{"@id":"https:\/\/lavendi.xyz\/zazil\/blog\/amanecer-en-zazil-tunich-flora-fauna\/"},"author":{"name":"Zazil Tunich Xibalba","@id":"https:\/\/lavendi.xyz\/zazil\/#\/schema\/person\/58fd3a891320988847abb5c7309b1bd7"},"headline":"\u201cEl Despertar de la Selva\u201d: La Majestuosidad Matutina de la Flora y Fauna en Zazil Tunich","datePublished":"2024-06-04T05:07:42+00:00","dateModified":"2024-11-05T15:49:37+00:00","mainEntityOfPage":{"@id":"https:\/\/lavendi.xyz\/zazil\/blog\/amanecer-en-zazil-tunich-flora-fauna\/"},"wordCount":694,"commentCount":0,"publisher":{"@id":"https:\/\/lavendi.xyz\/zazil\/#organization"},"image":{"@id":"https:\/\/lavendi.xyz\/zazil\/blog\/amanecer-en-zazil-tunich-flora-fauna\/#primaryimage"},"thumbnailUrl":"https:\/\/lavendi.xyz\/zazil\/wp-content\/uploads\/2024\/01\/IMG_7017-e1705891190442.png","keywords":["cenote","cultura maya","fauna yucateca","flora yucateca","Naturaleza"],"articleSection":["Naturaleza"],"inLanguage":"es","potentialAction":[{"@type":"CommentAction","name":"Comment","target":["https:\/\/lavendi.xyz\/zazil\/blog\/amanecer-en-zazil-tunich-flora-fauna\/#respond"]}]},{"@type":"WebPage","@id":"https:\/\/lavendi.xyz\/zazil\/blog\/amanecer-en-zazil-tunich-flora-fauna\/","url":"https:\/\/lavendi.xyz\/zazil\/blog\/amanecer-en-zazil-tunich-flora-fauna\/","name":"\"El despertar de la selva\" : La magestuosidad de la flora y fauna","isPartOf":{"@id":"https:\/\/lavendi.xyz\/zazil\/#website"},"primaryImageOfPage":{"@id":"https:\/\/lavendi.xyz\/zazil\/blog\/amanecer-en-zazil-tunich-flora-fauna\/#primaryimage"},"image":{"@id":"https:\/\/lavendi.xyz\/zazil\/blog\/amanecer-en-zazil-tunich-flora-fauna\/#primaryimage"},"thumbnailUrl":"https:\/\/lavendi.xyz\/zazil\/wp-content\/uploads\/2024\/01\/IMG_7017-e1705891190442.png","datePublished":"2024-06-04T05:07:42+00:00","dateModified":"2024-11-05T15:49:37+00:00","description":"Este es el momento en que la naturaleza cobra vida, revelando la majestuosidad matutina de una flora y fauna.","breadcrumb":{"@id":"https:\/\/lavendi.xyz\/zazil\/blog\/amanecer-en-zazil-tunich-flora-fauna\/#breadcrumb"},"inLanguage":"es","potentialAction":[{"@type":"ReadAction","target":["https:\/\/lavendi.xyz\/zazil\/blog\/amanecer-en-zazil-tunich-flora-fauna\/"]}]},{"@type":"ImageObject","inLanguage":"es","@id":"https:\/\/lavendi.xyz\/zazil\/blog\/amanecer-en-zazil-tunich-flora-fauna\/#primaryimage","url":"https:\/\/lavendi.xyz\/zazil\/wp-content\/uploads\/2024\/01\/IMG_7017-e1705891190442.png","contentUrl":"https:\/\/lavendi.xyz\/zazil\/wp-content\/uploads\/2024\/01\/IMG_7017-e1705891190442.png","width":1277,"height":2004},{"@type":"BreadcrumbList","@id":"https:\/\/lavendi.xyz\/zazil\/blog\/amanecer-en-zazil-tunich-flora-fauna\/#breadcrumb","itemListElement":[{"@type":"ListItem","position":1,"name":"Inicio","item":"https:\/\/lavendi.xyz\/zazil\/"},{"@type":"ListItem","position":2,"name":"\u201cEl Despertar de la Selva\u201d: La Majestuosidad Matutina de la Flora y Fauna en Zazil Tunich"}]},{"@type":"WebSite","@id":"https:\/\/lavendi.xyz\/zazil\/#website","url":"https:\/\/lavendi.xyz\/zazil\/","name":"Zazil Tunich - Cenote mas Premiado de Yucat\u00e1n","description":"Cenote en Valladolid, Zazil Tunich el \u00fanico Cenote Museo de M\u00e9xico y m\u00e1s premiado de Yucat\u00e1n, donde conocer\u00e1s la estalactita mas grande de Yucatan, una experiencia \u00fanica sin turismo masivo.","publisher":{"@id":"https:\/\/lavendi.xyz\/zazil\/#organization"},"potentialAction":[{"@type":"SearchAction","target":{"@type":"EntryPoint","urlTemplate":"https:\/\/lavendi.xyz\/zazil\/?s={search_term_string}"},"query-input":{"@type":"PropertyValueSpecification","valueRequired":true,"valueName":"search_term_string"}}],"inLanguage":"es"},{"@type":"Organization","@id":"https:\/\/lavendi.xyz\/zazil\/#organization","name":"Zazil Tunich - Cenote mas Premiado de Yucat\u00e1n","url":"https:\/\/lavendi.xyz\/zazil\/","logo":{"@type":"ImageObject","inLanguage":"es","@id":"https:\/\/lavendi.xyz\/zazil\/#\/schema\/logo\/image\/","url":"https:\/\/lavendi.xyz\/zazil\/wp-content\/uploads\/2024\/10\/2.png","contentUrl":"https:\/\/lavendi.xyz\/zazil\/wp-content\/uploads\/2024\/10\/2.png","width":4000,"height":4000,"caption":"Zazil Tunich - Cenote mas Premiado de Yucat\u00e1n"},"image":{"@id":"https:\/\/lavendi.xyz\/zazil\/#\/schema\/logo\/image\/"}},{"@type":"Person","@id":"https:\/\/lavendi.xyz\/zazil\/#\/schema\/person\/58fd3a891320988847abb5c7309b1bd7","name":"Zazil Tunich Xibalba","image":{"@type":"ImageObject","inLanguage":"es","@id":"https:\/\/lavendi.xyz\/zazil\/#\/schema\/person\/image\/","url":"https:\/\/secure.gravatar.com\/avatar\/9001f40784175c6777bd4a4ed95995dd?s=96&d=mm&r=g","contentUrl":"https:\/\/secure.gravatar.com\/avatar\/9001f40784175c6777bd4a4ed95995dd?s=96&d=mm&r=g","caption":"Zazil Tunich Xibalba"},"sameAs":["https:\/\/lavendi.xyz\/zazil"],"url":"https:\/\/lavendi.xyz\/zazil\/blog\/author\/gededvalladolid-com-mx\/"}]}},"taxonomy_info":{"category":[{"value":41,"label":"Naturaleza"}],"post_tag":[{"value":53,"label":"cenote"},{"value":54,"label":"cultura maya"},{"value":123,"label":"fauna yucateca"},{"value":124,"label":"flora yucateca"},{"value":37,"label":"Naturaleza"}]},"featured_image_src_large":["https:\/\/lavendi.xyz\/zazil\/wp-content\/uploads\/2024\/01\/IMG_7017-e1705891190442-653x1024.png",653,1024,true],"author_info":{"display_name":"Zazil Tunich Xibalba","author_link":"https:\/\/lavendi.xyz\/zazil\/blog\/author\/gededvalladolid-com-mx\/"},"comment_info":0,"category_info":[{"term_id":41,"name":"Naturaleza","slug":"naturaleza","term_group":0,"term_taxonomy_id":41,"taxonomy":"category","description":"","parent":0,"count":48,"filter":"raw","cat_ID":41,"category_count":48,"category_description":"","cat_name":"Naturaleza","category_nicename":"naturaleza","category_parent":0}],"tag_info":[{"term_id":53,"name":"cenote","slug":"cenote","term_group":0,"term_taxonomy_id":53,"taxonomy":"post_tag","description":"","parent":0,"count":48,"filter":"raw"},{"term_id":54,"name":"cultura maya","slug":"cultura-maya","term_group":0,"term_taxonomy_id":54,"taxonomy":"post_tag","description":"","parent":0,"count":72,"filter":"raw"},{"term_id":123,"name":"fauna yucateca","slug":"fauna-yucateca","term_group":0,"term_taxonomy_id":123,"taxonomy":"post_tag","description":"","parent":0,"count":1,"filter":"raw"},{"term_id":124,"name":"flora yucateca","slug":"flora-yucateca","term_group":0,"term_taxonomy_id":124,"taxonomy":"post_tag","description":"","parent":0,"count":1,"filter":"raw"},{"term_id":37,"name":"Naturaleza","slug":"naturaleza","term_group":0,"term_taxonomy_id":37,"taxonomy":"post_tag","description":"","parent":0,"count":54,"filter":"raw"}],"_links":{"self":[{"href":"https:\/\/lavendi.xyz\/zazil\/wp-json\/wp\/v2\/posts\/32822"}],"collection":[{"href":"https:\/\/lavendi.xyz\/zazil\/wp-json\/wp\/v2\/posts"}],"about":[{"href":"https:\/\/lavendi.xyz\/zazil\/wp-json\/wp\/v2\/types\/post"}],"author":[{"embeddable":true,"href":"https:\/\/lavendi.xyz\/zazil\/wp-json\/wp\/v2\/users\/1"}],"replies":[{"embeddable":true,"href":"https:\/\/lavendi.xyz\/zazil\/wp-json\/wp\/v2\/comments?post=32822"}],"version-history":[{"count":3,"href":"https:\/\/lavendi.xyz\/zazil\/wp-json\/wp\/v2\/posts\/32822\/revisions"}],"predecessor-version":[{"id":38822,"href":"https:\/\/lavendi.xyz\/zazil\/wp-json\/wp\/v2\/posts\/32822\/revisions\/38822"}],"wp:featuredmedia":[{"embeddable":true,"href":"https:\/\/lavendi.xyz\/zazil\/wp-json\/wp\/v2\/media\/18612"}],"wp:attachment":[{"href":"https:\/\/lavendi.xyz\/zazil\/wp-json\/wp\/v2\/media?parent=32822"}],"wp:term":[{"taxonomy":"category","embeddable":true,"href":"https:\/\/lavendi.xyz\/zazil\/wp-json\/wp\/v2\/categories?post=32822"},{"taxonomy":"post_tag","embeddable":true,"href":"https:\/\/lavendi.xyz\/zazil\/wp-json\/wp\/v2\/tags?post=32822"}],"curies":[{"name":"wp","href":"https:\/\/api.w.org\/{rel}","templated":true}]}}