{"id":32878,"date":"2024-08-06T03:26:42","date_gmt":"2024-08-06T08:26:42","guid":{"rendered":"https:\/\/lavendi.xyz\/zazil\/blog\/despertar-con-el-coro-de-la-naturaleza-en-zazil-tunich\/"},"modified":"2024-11-06T18:30:11","modified_gmt":"2024-11-06T23:30:11","slug":"despertar-con-el-coro-de-la-naturaleza-en-zazil-tunich","status":"publish","type":"post","link":"https:\/\/lavendi.xyz\/zazil\/blog\/despertar-con-el-coro-de-la-naturaleza-en-zazil-tunich\/","title":{"rendered":"Despertar con el Coro de la Naturaleza en Zazil Tunich"},"content":{"rendered":"\t\t<div data-elementor-type=\"wp-post\" data-elementor-id=\"32878\" class=\"elementor elementor-32878\" data-elementor-post-type=\"post\">\n\t\t\t\t<div class=\"elementor-element elementor-element-73db3644 e-con-full e-flex e-con e-parent\" data-id=\"73db3644\" data-element_type=\"container\" data-e-type=\"container\">\n\t\t<div class=\"elementor-element elementor-element-584a6f04 e-con-full e-flex e-con e-child\" data-id=\"584a6f04\" data-element_type=\"container\" data-e-type=\"container\">\n\t\t\t\t<div class=\"elementor-element elementor-element-6042a3d4 elementor-widget elementor-widget-text-editor\" data-id=\"6042a3d4\" data-element_type=\"widget\" data-e-type=\"widget\" data-widget_type=\"text-editor.default\">\n\t\t\t\t<div class=\"elementor-widget-container\">\n\t\t\t\t\t\t\t\t\t<p>Imagina despertar en el coraz\u00f3n de la selva yucateca, rodeado de una sinfon\u00eda de sonidos naturales que acarician tus sentidos. En Zazil Tunich, el canto de las aves sagradas te brinda una experiencia \u00fanica y revitalizante, una conexi\u00f3n profunda con la naturaleza y la espiritualidad maya<a href=\"http:\/\/blog.valladolid.mx\">.<\/a><\/p>\t\t\t\t\t\t\t\t<\/div>\n\t\t\t\t<\/div>\n\t\t\t\t<div class=\"elementor-element elementor-element-1d9bf1a9 elementor-widget elementor-widget-image\" data-id=\"1d9bf1a9\" data-element_type=\"widget\" data-e-type=\"widget\" data-widget_type=\"image.default\">\n\t\t\t\t<div class=\"elementor-widget-container\">\n\t\t\t\t\t\t\t\t\t\t\t\t\t\t\t<img decoding=\"async\" src=\"https:\/\/lavendi.xyz\/zazil\/wp-content\/uploads\/2024\/08\/R-7.jpeg\" title=\"\" alt=\"\" loading=\"lazy\" \/>\t\t\t\t\t\t\t\t\t\t\t\t\t\t\t<\/div>\n\t\t\t\t<\/div>\n\t\t\t\t<div class=\"elementor-element elementor-element-1526d647 elementor-widget elementor-widget-heading\" data-id=\"1526d647\" data-element_type=\"widget\" data-e-type=\"widget\" data-widget_type=\"heading.default\">\n\t\t\t\t<div class=\"elementor-widget-container\">\n\t\t\t\t\t<h2 class=\"elementor-heading-title elementor-size-default\">Un Despertar Armonioso en la Selva<\/h2>\t\t\t\t<\/div>\n\t\t\t\t<\/div>\n\t\t\t\t<div class=\"elementor-element elementor-element-282a7421 elementor-widget elementor-widget-text-editor\" data-id=\"282a7421\" data-element_type=\"widget\" data-e-type=\"widget\" data-widget_type=\"text-editor.default\">\n\t\t\t\t<div class=\"elementor-widget-container\">\n\t\t\t\t\t\t\t\t\t<p data-sourcepos=\"11:1-11:289\">El amanecer en Zazil Tunich es un momento m\u00e1gico. Los primeros rayos de sol se filtran entre las hojas de los \u00e1rboles, creando un juego de luces y sombras que despierta la vida en la selva. Y en medio de este despertar, el canto de las aves sagradas llena el aire con su melod\u00eda ancestral.<\/p><p data-sourcepos=\"13:1-13:112\">Cada especie de ave tiene su propio canto, su propia voz que se une al coro de la naturaleza. El trino melodioso del cenzontle, el canto vibrante del tuc\u00e1n, el llamado misterioso del b\u00faho&#8230; cada sonido te transporta a un mundo de armon\u00eda y equilibrio.<\/p>\t\t\t\t\t\t\t\t<\/div>\n\t\t\t\t<\/div>\n\t\t\t\t<div class=\"elementor-element elementor-element-22d9e533 elementor-widget elementor-widget-heading\" data-id=\"22d9e533\" data-element_type=\"widget\" data-e-type=\"widget\" data-widget_type=\"heading.default\">\n\t\t\t\t<div class=\"elementor-widget-container\">\n\t\t\t\t\t<h2 class=\"elementor-heading-title elementor-size-default\">Las Aves Sagradas en la Cosmovisi\u00f3n Maya<\/h2>\t\t\t\t<\/div>\n\t\t\t\t<\/div>\n\t\t\t\t<div class=\"elementor-element elementor-element-14f16fef elementor-widget elementor-widget-text-editor\" data-id=\"14f16fef\" data-element_type=\"widget\" data-e-type=\"widget\" data-widget_type=\"text-editor.default\">\n\t\t\t\t<div class=\"elementor-widget-container\">\n\t\t\t\t\t\t\t\t\t<p data-sourcepos=\"19:1-19:222\">Para los antiguos mayas, las aves eran mensajeras de los dioses, seres espirituales que conectaban el cielo y la tierra. Cada ave ten\u00eda un significado especial y representaba diferentes aspectos de la vida y la naturaleza.<\/p><p data-sourcepos=\"21:1-21:47\">El quetzal, con su plumaje resplandeciente, era s\u00edmbolo de libertad y belleza. El b\u00faho, con su mirada penetrante, representaba la sabidur\u00eda y el conocimiento. El colibr\u00ed, con su vuelo \u00e1gil y su capacidad de libar el n\u00e9ctar de las flores, simbolizaba la alegr\u00eda y la vitalidad.<\/p>\t\t\t\t\t\t\t\t<\/div>\n\t\t\t\t<\/div>\n\t\t\t\t<div class=\"elementor-element elementor-element-5318c1ec elementor-widget elementor-widget-heading\" data-id=\"5318c1ec\" data-element_type=\"widget\" data-e-type=\"widget\" data-widget_type=\"heading.default\">\n\t\t\t\t<div class=\"elementor-widget-container\">\n\t\t\t\t\t<h2 class=\"elementor-heading-title elementor-size-default\">Zazil Tunich: Un Santuario para las Aves<\/h2>\t\t\t\t<\/div>\n\t\t\t\t<\/div>\n\t\t\t\t<div class=\"elementor-element elementor-element-6e90999d elementor-widget elementor-widget-text-editor\" data-id=\"6e90999d\" data-element_type=\"widget\" data-e-type=\"widget\" data-widget_type=\"text-editor.default\">\n\t\t\t\t<div class=\"elementor-widget-container\">\n\t\t\t\t\t\t\t\t\t<p data-sourcepos=\"27:1-27:171\">La selva que rodea a Zazil Tunich es un santuario para una gran variedad de aves. Aqu\u00ed, podr\u00e1s observar especies end\u00e9micas y migratorias, cada una con su propio canto y su propia historia.<\/p><p data-sourcepos=\"29:1-29:289\">Nuestros gu\u00edas expertos te llevar\u00e1n en un recorrido por la selva, donde podr\u00e1s aprender sobre las diferentes aves que habitan en la zona, su importancia en el ecosistema y su significado en la cultura maya. Tambi\u00e9n te ense\u00f1ar\u00e1n a identificar sus cantos y a apreciar la belleza de su vuelo.<\/p>\t\t\t\t\t\t\t\t<\/div>\n\t\t\t\t<\/div>\n\t\t\t\t<div class=\"elementor-element elementor-element-152b459 elementor-cta--skin-cover elementor-bg-transform elementor-bg-transform-zoom-out elementor-animated-content elementor-widget elementor-widget-global elementor-global-30579 elementor-widget-call-to-action\" data-id=\"152b459\" data-element_type=\"widget\" data-e-type=\"widget\" data-widget_type=\"call-to-action.default\">\n\t\t\t\t<div class=\"elementor-widget-container\">\n\t\t\t\t\t\t\t<div class=\"elementor-cta\">\n\t\t\t\t\t<div class=\"elementor-cta__bg-wrapper\">\n\t\t\t\t<div class=\"elementor-cta__bg elementor-bg\" style=\"background-image: url(https:\/\/lavendi.xyz\/zazil\/wp-content\/uploads\/2024\/10\/slider-scaled-e1705893221594.jpg);\" role=\"img\" aria-label=\"slider--scaled-e1705893221594.jpg\"><\/div>\n\t\t\t\t<div class=\"elementor-cta__bg-overlay\"><\/div>\n\t\t\t<\/div>\n\t\t\t\t\t\t\t<div class=\"elementor-cta__content\">\n\t\t\t\t\n\t\t\t\t\t\t\t\t\t<h2 class=\"elementor-cta__title elementor-cta__content-item elementor-content-item elementor-animated-item--grow\">\n\t\t\t\t\t\tVisita el unico Cenote &amp; Museo\t\t\t\t\t<\/h2>\n\t\t\t\t\n\t\t\t\t\n\t\t\t\t\t\t\t\t\t<div class=\"elementor-cta__button-wrapper elementor-cta__content-item elementor-content-item elementor-animated-item--grow\">\n\t\t\t\t\t<a class=\"elementor-cta__button elementor-button elementor-size-\" href=\"http:\/\/www.zaziltunich.com\/reservaciones\">\n\t\t\t\t\t\tReserva aqui\t\t\t\t\t<\/a>\n\t\t\t\t\t<\/div>\n\t\t\t\t\t\t\t<\/div>\n\t\t\t\t\t\t\t<div class=\"elementor-ribbon elementor-ribbon-right\">\n\t\t\t\t<div class=\"elementor-ribbon-inner\">\n\t\t\t\t\tPremio nacional\t\t\t\t<\/div>\n\t\t\t<\/div>\n\t\t\t\t<\/div>\n\t\t\t\t\t\t<\/div>\n\t\t\t\t<\/div>\n\t\t\t\t<div class=\"elementor-element elementor-element-7591913e elementor-widget elementor-widget-text-editor\" data-id=\"7591913e\" data-element_type=\"widget\" data-e-type=\"widget\" data-widget_type=\"text-editor.default\">\n\t\t\t\t<div class=\"elementor-widget-container\">\n\t\t\t\t\t\t\t\t\t<p data-sourcepos=\"35:1-35:187\">El canto de las aves sagradas en Zazil Tunich es una invitaci\u00f3n a despertar tus sentidos y a conectar con la naturaleza. Es una experiencia que te llenar\u00e1 de paz, armon\u00eda y energ\u00eda vital.<\/p><p data-sourcepos=\"37:1-37:251\">Te invitamos a disfrutar de esta sinfon\u00eda natural, a respirar el aire puro de la selva y a dejarte llevar por la magia de este lugar ancestral. En Zazil Tunich, encontrar\u00e1s un espacio para reconectar con tu esencia y vivir una experiencia inolvidable.<\/p>\t\t\t\t\t\t\t\t<\/div>\n\t\t\t\t<\/div>\n\t\t\t\t<\/div>\n\t\t\t\t<\/div>\n\t\t\t\t<\/div>\n\t\t","protected":false},"excerpt":{"rendered":"<p>Despierta tus sentidos con el canto de las aves sagradas en el Cenote Zazil Tunich, un santuario natural en Yucat\u00e1n. Conecta con la naturaleza y la cultura maya en una experiencia inolvidable.<\/p>\n","protected":false},"author":1,"featured_media":29445,"comment_status":"open","ping_status":"open","sticky":false,"template":"","format":"standard","meta":{"_kad_blocks_custom_css":"","_kad_blocks_head_custom_js":"","_kad_blocks_body_custom_js":"","_kad_blocks_footer_custom_js":"","_joinchat":[],"footnotes":""},"categories":[113,41],"tags":[],"class_list":["post-32878","post","type-post","status-publish","format-standard","has-post-thumbnail","hentry","category-aldea-maya","category-naturaleza"],"yoast_head":"<!-- This site is optimized with the Yoast SEO Premium plugin v22.8 (Yoast SEO v25.6) - https:\/\/yoast.com\/wordpress\/plugins\/seo\/ -->\n<title>Despertar con el Coro de la Naturaleza en Zazil Tunich<\/title>\n<meta name=\"robots\" content=\"index, follow, max-snippet:-1, max-image-preview:large, max-video-preview:-1\" \/>\n<link rel=\"canonical\" href=\"https:\/\/lavendi.xyz\/zazil\/blog\/despertar-con-el-coro-de-la-naturaleza-en-zazil-tunich\/\" \/>\n<meta property=\"og:locale\" content=\"es_MX\" \/>\n<meta property=\"og:type\" content=\"article\" \/>\n<meta property=\"og:title\" content=\"Despertar con el Coro de la Naturaleza en Zazil Tunich\" \/>\n<meta property=\"og:description\" content=\"Despierta tus sentidos con el canto de las aves sagradas en el Cenote Zazil Tunich, un santuario natural en Yucat\u00e1n. Conecta con la naturaleza y la cultura maya en una experiencia inolvidable.\" \/>\n<meta property=\"og:url\" content=\"https:\/\/lavendi.xyz\/zazil\/blog\/despertar-con-el-coro-de-la-naturaleza-en-zazil-tunich\/\" \/>\n<meta property=\"og:site_name\" content=\"Zazil Tunich - Cenote mas Premiado de Yucat\u00e1n\" \/>\n<meta property=\"article:published_time\" content=\"2024-08-06T08:26:42+00:00\" \/>\n<meta property=\"article:modified_time\" content=\"2024-11-06T23:30:11+00:00\" \/>\n<meta property=\"og:image\" content=\"https:\/\/lavendi.xyz\/zazil\/wp-content\/uploads\/2024\/08\/R-7.jpeg\" \/>\n\t<meta property=\"og:image:width\" content=\"800\" \/>\n\t<meta property=\"og:image:height\" content=\"532\" \/>\n\t<meta property=\"og:image:type\" content=\"image\/jpeg\" \/>\n<meta name=\"author\" content=\"Zazil Tunich Xibalba\" \/>\n<meta name=\"twitter:card\" content=\"summary_large_image\" \/>\n<meta name=\"twitter:label1\" content=\"Escrito por\" \/>\n\t<meta name=\"twitter:data1\" content=\"Zazil Tunich Xibalba\" \/>\n\t<meta name=\"twitter:label2\" content=\"Tiempo de lectura\" \/>\n\t<meta name=\"twitter:data2\" content=\"3 minutos\" \/>\n<script type=\"application\/ld+json\" class=\"yoast-schema-graph\">{\"@context\":\"https:\/\/schema.org\",\"@graph\":[{\"@type\":\"Article\",\"@id\":\"https:\/\/lavendi.xyz\/zazil\/blog\/despertar-con-el-coro-de-la-naturaleza-en-zazil-tunich\/#article\",\"isPartOf\":{\"@id\":\"https:\/\/lavendi.xyz\/zazil\/blog\/despertar-con-el-coro-de-la-naturaleza-en-zazil-tunich\/\"},\"author\":{\"name\":\"Zazil Tunich Xibalba\",\"@id\":\"https:\/\/lavendi.xyz\/zazil\/#\/schema\/person\/58fd3a891320988847abb5c7309b1bd7\"},\"headline\":\"Despertar con el Coro de la Naturaleza en Zazil Tunich\",\"datePublished\":\"2024-08-06T08:26:42+00:00\",\"dateModified\":\"2024-11-06T23:30:11+00:00\",\"mainEntityOfPage\":{\"@id\":\"https:\/\/lavendi.xyz\/zazil\/blog\/despertar-con-el-coro-de-la-naturaleza-en-zazil-tunich\/\"},\"wordCount\":455,\"commentCount\":0,\"publisher\":{\"@id\":\"https:\/\/lavendi.xyz\/zazil\/#organization\"},\"image\":{\"@id\":\"https:\/\/lavendi.xyz\/zazil\/blog\/despertar-con-el-coro-de-la-naturaleza-en-zazil-tunich\/#primaryimage\"},\"thumbnailUrl\":\"https:\/\/lavendi.xyz\/zazil\/wp-content\/uploads\/2024\/08\/R-7.jpeg\",\"articleSection\":[\"Aldea Maya\",\"Naturaleza\"],\"inLanguage\":\"es\",\"potentialAction\":[{\"@type\":\"CommentAction\",\"name\":\"Comment\",\"target\":[\"https:\/\/lavendi.xyz\/zazil\/blog\/despertar-con-el-coro-de-la-naturaleza-en-zazil-tunich\/#respond\"]}]},{\"@type\":\"WebPage\",\"@id\":\"https:\/\/lavendi.xyz\/zazil\/blog\/despertar-con-el-coro-de-la-naturaleza-en-zazil-tunich\/\",\"url\":\"https:\/\/lavendi.xyz\/zazil\/blog\/despertar-con-el-coro-de-la-naturaleza-en-zazil-tunich\/\",\"name\":\"Despertar con el Coro de la Naturaleza en Zazil Tunich\",\"isPartOf\":{\"@id\":\"https:\/\/lavendi.xyz\/zazil\/#website\"},\"primaryImageOfPage\":{\"@id\":\"https:\/\/lavendi.xyz\/zazil\/blog\/despertar-con-el-coro-de-la-naturaleza-en-zazil-tunich\/#primaryimage\"},\"image\":{\"@id\":\"https:\/\/lavendi.xyz\/zazil\/blog\/despertar-con-el-coro-de-la-naturaleza-en-zazil-tunich\/#primaryimage\"},\"thumbnailUrl\":\"https:\/\/lavendi.xyz\/zazil\/wp-content\/uploads\/2024\/08\/R-7.jpeg\",\"datePublished\":\"2024-08-06T08:26:42+00:00\",\"dateModified\":\"2024-11-06T23:30:11+00:00\",\"breadcrumb\":{\"@id\":\"https:\/\/lavendi.xyz\/zazil\/blog\/despertar-con-el-coro-de-la-naturaleza-en-zazil-tunich\/#breadcrumb\"},\"inLanguage\":\"es\",\"potentialAction\":[{\"@type\":\"ReadAction\",\"target\":[\"https:\/\/lavendi.xyz\/zazil\/blog\/despertar-con-el-coro-de-la-naturaleza-en-zazil-tunich\/\"]}]},{\"@type\":\"ImageObject\",\"inLanguage\":\"es\",\"@id\":\"https:\/\/lavendi.xyz\/zazil\/blog\/despertar-con-el-coro-de-la-naturaleza-en-zazil-tunich\/#primaryimage\",\"url\":\"https:\/\/lavendi.xyz\/zazil\/wp-content\/uploads\/2024\/08\/R-7.jpeg\",\"contentUrl\":\"https:\/\/lavendi.xyz\/zazil\/wp-content\/uploads\/2024\/08\/R-7.jpeg\",\"width\":800,\"height\":532},{\"@type\":\"BreadcrumbList\",\"@id\":\"https:\/\/lavendi.xyz\/zazil\/blog\/despertar-con-el-coro-de-la-naturaleza-en-zazil-tunich\/#breadcrumb\",\"itemListElement\":[{\"@type\":\"ListItem\",\"position\":1,\"name\":\"Inicio\",\"item\":\"https:\/\/lavendi.xyz\/zazil\/\"},{\"@type\":\"ListItem\",\"position\":2,\"name\":\"Despertar con el Coro de la Naturaleza en Zazil Tunich\"}]},{\"@type\":\"WebSite\",\"@id\":\"https:\/\/lavendi.xyz\/zazil\/#website\",\"url\":\"https:\/\/lavendi.xyz\/zazil\/\",\"name\":\"Zazil Tunich - Cenote mas Premiado de Yucat\u00e1n\",\"description\":\"Cenote en Valladolid, Zazil Tunich el \u00fanico Cenote Museo de M\u00e9xico y m\u00e1s premiado de Yucat\u00e1n, donde conocer\u00e1s la estalactita mas grande de Yucatan, una experiencia \u00fanica sin turismo masivo.\",\"publisher\":{\"@id\":\"https:\/\/lavendi.xyz\/zazil\/#organization\"},\"potentialAction\":[{\"@type\":\"SearchAction\",\"target\":{\"@type\":\"EntryPoint\",\"urlTemplate\":\"https:\/\/lavendi.xyz\/zazil\/?s={search_term_string}\"},\"query-input\":{\"@type\":\"PropertyValueSpecification\",\"valueRequired\":true,\"valueName\":\"search_term_string\"}}],\"inLanguage\":\"es\"},{\"@type\":\"Organization\",\"@id\":\"https:\/\/lavendi.xyz\/zazil\/#organization\",\"name\":\"Zazil Tunich - Cenote mas Premiado de Yucat\u00e1n\",\"url\":\"https:\/\/lavendi.xyz\/zazil\/\",\"logo\":{\"@type\":\"ImageObject\",\"inLanguage\":\"es\",\"@id\":\"https:\/\/lavendi.xyz\/zazil\/#\/schema\/logo\/image\/\",\"url\":\"https:\/\/lavendi.xyz\/zazil\/wp-content\/uploads\/2024\/10\/2.png\",\"contentUrl\":\"https:\/\/lavendi.xyz\/zazil\/wp-content\/uploads\/2024\/10\/2.png\",\"width\":4000,\"height\":4000,\"caption\":\"Zazil Tunich - Cenote mas Premiado de Yucat\u00e1n\"},\"image\":{\"@id\":\"https:\/\/lavendi.xyz\/zazil\/#\/schema\/logo\/image\/\"}},{\"@type\":\"Person\",\"@id\":\"https:\/\/lavendi.xyz\/zazil\/#\/schema\/person\/58fd3a891320988847abb5c7309b1bd7\",\"name\":\"Zazil Tunich Xibalba\",\"image\":{\"@type\":\"ImageObject\",\"inLanguage\":\"es\",\"@id\":\"https:\/\/lavendi.xyz\/zazil\/#\/schema\/person\/image\/\",\"url\":\"https:\/\/secure.gravatar.com\/avatar\/9001f40784175c6777bd4a4ed95995dd?s=96&d=mm&r=g\",\"contentUrl\":\"https:\/\/secure.gravatar.com\/avatar\/9001f40784175c6777bd4a4ed95995dd?s=96&d=mm&r=g\",\"caption\":\"Zazil Tunich Xibalba\"},\"sameAs\":[\"https:\/\/lavendi.xyz\/zazil\"],\"url\":\"https:\/\/lavendi.xyz\/zazil\/blog\/author\/gededvalladolid-com-mx\/\"}]}<\/script>\n<!-- \/ Yoast SEO Premium plugin. -->","yoast_head_json":{"title":"Despertar con el Coro de la Naturaleza en Zazil Tunich","robots":{"index":"index","follow":"follow","max-snippet":"max-snippet:-1","max-image-preview":"max-image-preview:large","max-video-preview":"max-video-preview:-1"},"canonical":"https:\/\/lavendi.xyz\/zazil\/blog\/despertar-con-el-coro-de-la-naturaleza-en-zazil-tunich\/","og_locale":"es_MX","og_type":"article","og_title":"Despertar con el Coro de la Naturaleza en Zazil Tunich","og_description":"Despierta tus sentidos con el canto de las aves sagradas en el Cenote Zazil Tunich, un santuario natural en Yucat\u00e1n. Conecta con la naturaleza y la cultura maya en una experiencia inolvidable.","og_url":"https:\/\/lavendi.xyz\/zazil\/blog\/despertar-con-el-coro-de-la-naturaleza-en-zazil-tunich\/","og_site_name":"Zazil Tunich - Cenote mas Premiado de Yucat\u00e1n","article_published_time":"2024-08-06T08:26:42+00:00","article_modified_time":"2024-11-06T23:30:11+00:00","og_image":[{"width":800,"height":532,"url":"https:\/\/lavendi.xyz\/zazil\/wp-content\/uploads\/2024\/08\/R-7.jpeg","type":"image\/jpeg"}],"author":"Zazil Tunich Xibalba","twitter_card":"summary_large_image","twitter_misc":{"Escrito por":"Zazil Tunich Xibalba","Tiempo de lectura":"3 minutos"},"schema":{"@context":"https:\/\/schema.org","@graph":[{"@type":"Article","@id":"https:\/\/lavendi.xyz\/zazil\/blog\/despertar-con-el-coro-de-la-naturaleza-en-zazil-tunich\/#article","isPartOf":{"@id":"https:\/\/lavendi.xyz\/zazil\/blog\/despertar-con-el-coro-de-la-naturaleza-en-zazil-tunich\/"},"author":{"name":"Zazil Tunich Xibalba","@id":"https:\/\/lavendi.xyz\/zazil\/#\/schema\/person\/58fd3a891320988847abb5c7309b1bd7"},"headline":"Despertar con el Coro de la Naturaleza en Zazil Tunich","datePublished":"2024-08-06T08:26:42+00:00","dateModified":"2024-11-06T23:30:11+00:00","mainEntityOfPage":{"@id":"https:\/\/lavendi.xyz\/zazil\/blog\/despertar-con-el-coro-de-la-naturaleza-en-zazil-tunich\/"},"wordCount":455,"commentCount":0,"publisher":{"@id":"https:\/\/lavendi.xyz\/zazil\/#organization"},"image":{"@id":"https:\/\/lavendi.xyz\/zazil\/blog\/despertar-con-el-coro-de-la-naturaleza-en-zazil-tunich\/#primaryimage"},"thumbnailUrl":"https:\/\/lavendi.xyz\/zazil\/wp-content\/uploads\/2024\/08\/R-7.jpeg","articleSection":["Aldea Maya","Naturaleza"],"inLanguage":"es","potentialAction":[{"@type":"CommentAction","name":"Comment","target":["https:\/\/lavendi.xyz\/zazil\/blog\/despertar-con-el-coro-de-la-naturaleza-en-zazil-tunich\/#respond"]}]},{"@type":"WebPage","@id":"https:\/\/lavendi.xyz\/zazil\/blog\/despertar-con-el-coro-de-la-naturaleza-en-zazil-tunich\/","url":"https:\/\/lavendi.xyz\/zazil\/blog\/despertar-con-el-coro-de-la-naturaleza-en-zazil-tunich\/","name":"Despertar con el Coro de la Naturaleza en Zazil Tunich","isPartOf":{"@id":"https:\/\/lavendi.xyz\/zazil\/#website"},"primaryImageOfPage":{"@id":"https:\/\/lavendi.xyz\/zazil\/blog\/despertar-con-el-coro-de-la-naturaleza-en-zazil-tunich\/#primaryimage"},"image":{"@id":"https:\/\/lavendi.xyz\/zazil\/blog\/despertar-con-el-coro-de-la-naturaleza-en-zazil-tunich\/#primaryimage"},"thumbnailUrl":"https:\/\/lavendi.xyz\/zazil\/wp-content\/uploads\/2024\/08\/R-7.jpeg","datePublished":"2024-08-06T08:26:42+00:00","dateModified":"2024-11-06T23:30:11+00:00","breadcrumb":{"@id":"https:\/\/lavendi.xyz\/zazil\/blog\/despertar-con-el-coro-de-la-naturaleza-en-zazil-tunich\/#breadcrumb"},"inLanguage":"es","potentialAction":[{"@type":"ReadAction","target":["https:\/\/lavendi.xyz\/zazil\/blog\/despertar-con-el-coro-de-la-naturaleza-en-zazil-tunich\/"]}]},{"@type":"ImageObject","inLanguage":"es","@id":"https:\/\/lavendi.xyz\/zazil\/blog\/despertar-con-el-coro-de-la-naturaleza-en-zazil-tunich\/#primaryimage","url":"https:\/\/lavendi.xyz\/zazil\/wp-content\/uploads\/2024\/08\/R-7.jpeg","contentUrl":"https:\/\/lavendi.xyz\/zazil\/wp-content\/uploads\/2024\/08\/R-7.jpeg","width":800,"height":532},{"@type":"BreadcrumbList","@id":"https:\/\/lavendi.xyz\/zazil\/blog\/despertar-con-el-coro-de-la-naturaleza-en-zazil-tunich\/#breadcrumb","itemListElement":[{"@type":"ListItem","position":1,"name":"Inicio","item":"https:\/\/lavendi.xyz\/zazil\/"},{"@type":"ListItem","position":2,"name":"Despertar con el Coro de la Naturaleza en Zazil Tunich"}]},{"@type":"WebSite","@id":"https:\/\/lavendi.xyz\/zazil\/#website","url":"https:\/\/lavendi.xyz\/zazil\/","name":"Zazil Tunich - Cenote mas Premiado de Yucat\u00e1n","description":"Cenote en Valladolid, Zazil Tunich el \u00fanico Cenote Museo de M\u00e9xico y m\u00e1s premiado de Yucat\u00e1n, donde conocer\u00e1s la estalactita mas grande de Yucatan, una experiencia \u00fanica sin turismo masivo.","publisher":{"@id":"https:\/\/lavendi.xyz\/zazil\/#organization"},"potentialAction":[{"@type":"SearchAction","target":{"@type":"EntryPoint","urlTemplate":"https:\/\/lavendi.xyz\/zazil\/?s={search_term_string}"},"query-input":{"@type":"PropertyValueSpecification","valueRequired":true,"valueName":"search_term_string"}}],"inLanguage":"es"},{"@type":"Organization","@id":"https:\/\/lavendi.xyz\/zazil\/#organization","name":"Zazil Tunich - Cenote mas Premiado de Yucat\u00e1n","url":"https:\/\/lavendi.xyz\/zazil\/","logo":{"@type":"ImageObject","inLanguage":"es","@id":"https:\/\/lavendi.xyz\/zazil\/#\/schema\/logo\/image\/","url":"https:\/\/lavendi.xyz\/zazil\/wp-content\/uploads\/2024\/10\/2.png","contentUrl":"https:\/\/lavendi.xyz\/zazil\/wp-content\/uploads\/2024\/10\/2.png","width":4000,"height":4000,"caption":"Zazil Tunich - Cenote mas Premiado de Yucat\u00e1n"},"image":{"@id":"https:\/\/lavendi.xyz\/zazil\/#\/schema\/logo\/image\/"}},{"@type":"Person","@id":"https:\/\/lavendi.xyz\/zazil\/#\/schema\/person\/58fd3a891320988847abb5c7309b1bd7","name":"Zazil Tunich Xibalba","image":{"@type":"ImageObject","inLanguage":"es","@id":"https:\/\/lavendi.xyz\/zazil\/#\/schema\/person\/image\/","url":"https:\/\/secure.gravatar.com\/avatar\/9001f40784175c6777bd4a4ed95995dd?s=96&d=mm&r=g","contentUrl":"https:\/\/secure.gravatar.com\/avatar\/9001f40784175c6777bd4a4ed95995dd?s=96&d=mm&r=g","caption":"Zazil Tunich Xibalba"},"sameAs":["https:\/\/lavendi.xyz\/zazil"],"url":"https:\/\/lavendi.xyz\/zazil\/blog\/author\/gededvalladolid-com-mx\/"}]}},"taxonomy_info":{"category":[{"value":113,"label":"Aldea Maya"},{"value":41,"label":"Naturaleza"}]},"featured_image_src_large":["https:\/\/lavendi.xyz\/zazil\/wp-content\/uploads\/2024\/08\/R-7.jpeg",800,532,false],"author_info":{"display_name":"Zazil Tunich Xibalba","author_link":"https:\/\/lavendi.xyz\/zazil\/blog\/author\/gededvalladolid-com-mx\/"},"comment_info":0,"category_info":[{"term_id":113,"name":"Aldea Maya","slug":"aldea-maya","term_group":0,"term_taxonomy_id":113,"taxonomy":"category","description":"","parent":0,"count":5,"filter":"raw","cat_ID":113,"category_count":5,"category_description":"","cat_name":"Aldea Maya","category_nicename":"aldea-maya","category_parent":0},{"term_id":41,"name":"Naturaleza","slug":"naturaleza","term_group":0,"term_taxonomy_id":41,"taxonomy":"category","description":"","parent":0,"count":48,"filter":"raw","cat_ID":41,"category_count":48,"category_description":"","cat_name":"Naturaleza","category_nicename":"naturaleza","category_parent":0}],"tag_info":false,"_links":{"self":[{"href":"https:\/\/lavendi.xyz\/zazil\/wp-json\/wp\/v2\/posts\/32878"}],"collection":[{"href":"https:\/\/lavendi.xyz\/zazil\/wp-json\/wp\/v2\/posts"}],"about":[{"href":"https:\/\/lavendi.xyz\/zazil\/wp-json\/wp\/v2\/types\/post"}],"author":[{"embeddable":true,"href":"https:\/\/lavendi.xyz\/zazil\/wp-json\/wp\/v2\/users\/1"}],"replies":[{"embeddable":true,"href":"https:\/\/lavendi.xyz\/zazil\/wp-json\/wp\/v2\/comments?post=32878"}],"version-history":[{"count":3,"href":"https:\/\/lavendi.xyz\/zazil\/wp-json\/wp\/v2\/posts\/32878\/revisions"}],"predecessor-version":[{"id":39070,"href":"https:\/\/lavendi.xyz\/zazil\/wp-json\/wp\/v2\/posts\/32878\/revisions\/39070"}],"wp:featuredmedia":[{"embeddable":true,"href":"https:\/\/lavendi.xyz\/zazil\/wp-json\/wp\/v2\/media\/29445"}],"wp:attachment":[{"href":"https:\/\/lavendi.xyz\/zazil\/wp-json\/wp\/v2\/media?parent=32878"}],"wp:term":[{"taxonomy":"category","embeddable":true,"href":"https:\/\/lavendi.xyz\/zazil\/wp-json\/wp\/v2\/categories?post=32878"},{"taxonomy":"post_tag","embeddable":true,"href":"https:\/\/lavendi.xyz\/zazil\/wp-json\/wp\/v2\/tags?post=32878"}],"curies":[{"name":"wp","href":"https:\/\/api.w.org\/{rel}","templated":true}]}}